{"id":5663,"date":"2022-04-29T13:54:07","date_gmt":"2022-04-29T11:54:07","guid":{"rendered":"http:\/\/www.fundaciolluiscoromina.org\/?p=5663"},"modified":"2022-04-29T13:54:07","modified_gmt":"2022-04-29T11:54:07","slug":"miquel-iceta-visita-lespai-isern-dalmau","status":"publish","type":"post","link":"http:\/\/fundaciolluiscoromina.org\/index.php\/2022\/04\/29\/miquel-iceta-visita-lespai-isern-dalmau\/","title":{"rendered":"El ministre Miquel Iceta visita l&#8217;Espai Isern Dalmau"},"content":{"rendered":"<p>El ministre de cultura de l&#8217;Estat espanyol, Miquel Iceta, ha visitat l&#8217;exposici\u00f3<em> Una Casa per a Walter Benjamin<\/em>\u00a0a l&#8217;Espai Isern Dalmau de Barcelona. L&#8217;han acompanyat el patr\u00f3 de la Fundaci\u00f3 Llu\u00eds Coromina,\u00a0Salvador Sarquella, i el seu director, Ricard Planas, que han explicat al ministre la tasca que desenvolupa la Fundaci\u00f3 en l&#8217;\u00e0mbit cultural i social catal\u00e0. Aix\u00ed mateix, la visita ha comptat amb l&#8217;assist\u00e8ncia de Pilar Parcerisas, presidenta de la la\u00a0Fundaci\u00f3 Angelus Novus (FAN), l&#8217;entitat nascuda a Portbou i impulsora del projecte vinculat a Walter Benjamin; l&#8217;escriptor i pol\u00edtic Carles Duarte, i l&#8217;arquitecte Joan Falgueras, creador juntament amb Jordi Pigem del projecte de l&#8217;edifici dedicat al fil\u00f2sof alemany.<\/p>\n<p>&nbsp;<\/p>\n<p><a href=\"http:\/\/www.fundaciolluiscoromina.org\/wp-content\/uploads\/2022\/05\/IMG-20220429-WA0007.jpg\"><img loading=\"lazy\" decoding=\"async\" class=\"alignnone wp-image-5665 \" src=\"http:\/\/www.fundaciolluiscoromina.org\/wp-content\/uploads\/2022\/05\/IMG-20220429-WA0007.jpg\" alt=\"\" width=\"676\" height=\"507\" \/><\/a><\/p>\n","protected":false},"excerpt":{"rendered":"<p>El ministre de cultura de l&#8217;Estat espanyol, Miquel Iceta, ha visitat l&#8217;exposici\u00f3 Una Casa per a Walter Benjamin\u00a0a l&#8217;Espai Isern &#8230;<\/p>\n","protected":false},"author":2,"featured_media":5664,"comment_status":"open","ping_status":"open","sticky":false,"template":"","format":"standard","meta":{"footnotes":""},"categories":[9,12],"tags":[],"class_list":["post-5663","post","type-post","status-publish","format-standard","has-post-thumbnail","hentry","category-historic","category-publicacions"],"_links":{"self":[{"href":"http:\/\/fundaciolluiscoromina.org\/index.php\/wp-json\/wp\/v2\/posts\/5663","targetHints":{"allow":["GET"]}}],"collection":[{"href":"http:\/\/fundaciolluiscoromina.org\/index.php\/wp-json\/wp\/v2\/posts"}],"about":[{"href":"http:\/\/fundaciolluiscoromina.org\/index.php\/wp-json\/wp\/v2\/types\/post"}],"author":[{"embeddable":true,"href":"http:\/\/fundaciolluiscoromina.org\/index.php\/wp-json\/wp\/v2\/users\/2"}],"replies":[{"embeddable":true,"href":"http:\/\/fundaciolluiscoromina.org\/index.php\/wp-json\/wp\/v2\/comments?post=5663"}],"version-history":[{"count":0,"href":"http:\/\/fundaciolluiscoromina.org\/index.php\/wp-json\/wp\/v2\/posts\/5663\/revisions"}],"wp:attachment":[{"href":"http:\/\/fundaciolluiscoromina.org\/index.php\/wp-json\/wp\/v2\/media?parent=5663"}],"wp:term":[{"taxonomy":"category","embeddable":true,"href":"http:\/\/fundaciolluiscoromina.org\/index.php\/wp-json\/wp\/v2\/categories?post=5663"},{"taxonomy":"post_tag","embeddable":true,"href":"http:\/\/fundaciolluiscoromina.org\/index.php\/wp-json\/wp\/v2\/tags?post=5663"}],"curies":[{"name":"wp","href":"https:\/\/api.w.org\/{rel}","templated":true}]}}