{"id":5670,"date":"2022-05-09T15:32:23","date_gmt":"2022-05-09T13:32:23","guid":{"rendered":"http:\/\/www.fundaciolluiscoromina.org\/?p=5670"},"modified":"2022-05-09T15:32:23","modified_gmt":"2022-05-09T13:32:23","slug":"la-fundacio-i-lajuntament-de-banyoles-presenten-lexposicio-escultures-transitables-de-larquitecte-josep-mias","status":"publish","type":"post","link":"http:\/\/fundaciolluiscoromina.org\/index.php\/2022\/05\/09\/la-fundacio-i-lajuntament-de-banyoles-presenten-lexposicio-escultures-transitables-de-larquitecte-josep-mias\/","title":{"rendered":"La Fundaci\u00f3 i l\u2019Ajuntament de Banyoles presenten l\u2019exposici\u00f3 \u2018Escultures transitables\u2019 de l\u2019arquitecte Josep Mi\u00e0s"},"content":{"rendered":"<p><span style=\"color: #ff0000;\"><em>L&#8217;exposici\u00f3 Escultures Transitables es podr\u00e0 visitar fins al 30 de novembre a l&#8217;Espai Eat Art de Banyoles.<\/em><\/span><\/p>\n<p>La Fundaci\u00f3 Llu\u00eds Coromina i l\u2019Ajuntament de Banyoles presenten l\u2019exposici\u00f3 <em>Escultures transitables<\/em> de Josep Mi\u00e0s, arquitecte nascut a Banyoles i fundador del reconegut estudi MIAS Architects. La mostra, que posa en relleu una de les obres m\u00e9s significatives de MIAS &#8211;<em>La remodelaci\u00f3 del Barri Vell de la ciutat de Banyoles-<\/em>, \u00e9s un recull de les maquetes escult\u00f2riques exposades per l\u2019estudi al Centre Pompidou de Par\u00eds l\u2019any 2020 i el Museu del Disseny de Barcelona l\u2019any 2021. La mostra, que tindr\u00e0 lloc a diversos espais de Banyoles, s\u2019inaugurar\u00e0 el pr\u00f2xim <strong>dimecres 11 de maig a les 18:30 h a l\u2019espai expositiu municipal Can Tarradas<\/strong>, i comptar\u00e0 amb la pres\u00e8ncia de Llu\u00eds Coromina, president de la Fundaci\u00f3; Miquel Noguer, alcalde de Banyoles; Albert Tubert, regidor d\u2019Urbanisme i Medi Ambient de Banyoles; Marc Riera, president de la demarcaci\u00f3 de Girona del Col\u00b7legi d\u2019Arquitectes de Catalunya (COAC); Ricard Planas, director de la Fundaci\u00f3 i editor de la revista Bonart, i el propi Josep Mi\u00e0s. Tot seguit, l\u2019acte inaugural continuar\u00e0 a l\u2019Espai Eat Art, on es visitar\u00e0 una altra part de l\u2019exposici\u00f3.<\/p>\n<p><a href=\"http:\/\/www.fundaciolluiscoromina.org\/wp-content\/uploads\/2022\/05\/Foto-OK.jpg\"><img loading=\"lazy\" decoding=\"async\" class=\"alignnone wp-image-5685 \" src=\"http:\/\/www.fundaciolluiscoromina.org\/wp-content\/uploads\/2022\/05\/Foto-OK-976x1024.jpg\" alt=\"\" width=\"435\" height=\"456\" \/><\/a><\/p>\n<p>Despr\u00e9s d\u2019haver passat pel Centre Pompidou de Par\u00eds (2020) i el Museu del Disseny de Barcelona (2021), les maquetes escult\u00f2riques de Josep Mi\u00e0s i el reconegut estudi MIAS Architects arriben a Banyoles amb l\u2019exposici\u00f3 <em>Escultures transitables<\/em>. Una mostra que recull tot un seguit de peces arquitect\u00f2niques, fetes a escala redu\u00efda, que han perdut el seu car\u00e0cter funcional i han esdevingut objectes tridimensionals org\u00e0nics i geom\u00e8trics, d\u2019una bellesa po\u00e8tica i abstracta extraordin\u00e0ria. L\u2018exposici\u00f3, que s\u2019emmarca en un global d\u2019accions arreu de la capital del Pla de l\u2019Estany, ha estat comissariada per Ricard Planas i vol posar en relleu una de les obres m\u00e9s significatives de MIAS: <em>La remodelaci\u00f3 del nucli antic de la ciutat de Banyoles<\/em> (Premi International Stone Awards 2013, Premi Catalunya Construcci\u00f3 2009 i Premi d\u2019Arquitectura Comarques de Girona 2007).<\/p>\n<p>Organitzada per la Fundaci\u00f3 Llu\u00eds Coromina i l\u2019Ajuntament de Banyoles, la mostra <em>Escultures transitables<\/em> estar\u00e0 dividida en diverses parts i es podr\u00e0 visitar a diversos espais de la ciutat, com l\u2019espai Can Tarradas, on es podran veure algunes de les maquetes escult\u00f2riques m\u00e9s rellevants de l\u2019estudi MIAS Architects des de la seva fundaci\u00f3 l\u2019any 2000 -com el projecte del Mercat de la Barceloneta (Premi Ciutat de Barcelona \u00a02007), el Golf de Fontanals (Premi AJAC) i el Nucli antic de Banyoles-, i l\u2019Espai Eat Art, on tamb\u00e9 s\u2019exposaran diversos treballs del reconegut estudi. Posteriorment, la mostra s\u2019ampliar\u00e0 amb noves maquetes i diverses activitats a altres espais de Banyoles: entre d\u2019altres, el mes de juny es presentar\u00e0 una nova part de l\u2019exposici\u00f3 al Puntal &#8211; Laboratori de les Arts de la Fundaci\u00f3 Llu\u00eds Coromina (<a href=\"http:\/\/www.fundaciolluiscoromina.org\/lorigen-de-les-idees-nova-exposicio-de-larquitecte-josep-mias-al-puntal-de-banyoles\/\"><strong>m\u00e9s informaci\u00f3 en aquest enlla\u00e7<\/strong><\/a>); al juliol es realitzar\u00e0 una acci\u00f3 teatral al Claustre del Monestir de Sant Esteve, a c\u00e0rrec del grup Cor de Teatre (<strong><a href=\"http:\/\/www.fundaciolluiscoromina.org\/lespectacle-arquitectura-polifonia-i-dansa-urbana-en-el-marc-de-les-exposicions-de-josep-mias-a-banyoles\/\" target=\"_blank\" rel=\"noopener\">m\u00e9s informaci\u00f3 en aquest enlla\u00e7<\/a><\/strong>), i al setembre tindr\u00e0 lloc la presentaci\u00f3 d\u2019un llibre que recollir\u00e0 la traject\u00f2ria i obra del reconegut arquitecte.<\/p>\n<p>L\u2019exposici\u00f3, que ha comptat amb la col\u00b7laboraci\u00f3 de la Diputaci\u00f3 de Girona, l\u2019estudi MIAS Architects, la revista Bonart Cultural, el Col\u00b7legi d\u2019Arquitectes de Catalunya (COAC) i les empreses Vidresif i DecoArt, es podr\u00e0 visitar fins al mes de setembre. La inauguraci\u00f3 tindr\u00e0 lloc el pr\u00f2xim dimecres 11 de maig a Can Tarradas (18:30 h) i l\u2019Espai Eat Art. A continuaci\u00f3 s\u2019indiquen els horaris de visita de cada espai:<\/p>\n<ul>\n<li><u>Can Tarradas<\/u><em>\u00a0(Carrer Moss\u00e8n Jacint Verdaguer, 17) &#8211;\u00a0<\/em>De dilluns a divendres de 9 h a 20 h<\/li>\n<li><u>Espai Eat Art<\/u><em>\u00a0(Pla\u00e7a Major, 33) &#8211;\u00a0<\/em>Divendres de 17 h a 20:30 h; dissabtes de 10:30 h a 13:30 h i\u00a0de 17 h a 20:30 h, i diumenges de 10:30 a 20:30 h<\/li>\n<li><u>Puntal &#8211; Laboratori de les Arts<\/u>\u00a0<em>(Carrer Girona, 161)<\/em> &#8211; Horaris a convenir al tel\u00e8fon 972 58 34 77 &#8211; M\u00e9s informaci\u00f3 <a href=\"http:\/\/www.fundaciolluiscoromina.org\/lorigen-de-les-idees-nova-exposicio-de-larquitecte-josep-mias-al-puntal-de-banyoles\/\">en aquest enlla\u00e7<\/a><\/li>\n<\/ul>\n<p>&nbsp;<\/p>\n<p><strong>Les exposicions a Par\u00eds i Barcelona<\/strong><\/p>\n<p>L\u2019octubre de 2020, el Centre Pompidou de Par\u00eds va inaugurar l\u2019exposici\u00f3 monogr\u00e0fica <em>Unpredicatble Traces<\/em>, una mostra que reconeixia la traject\u00f2ria professional i rellev\u00e0ncia internacional del treball de l\u2019arquitecte Josep Mi\u00e0s, nascut a Banyoles l\u2019any 1966. El museu franc\u00e8s, que va tancar l\u2019exposici\u00f3 l\u2019octubre del 2021 i nom\u00e9s va poder obrir-la al p\u00fablic durant uns mesos per culpa de la crisi sanit\u00e0ria, va adquirir 42 maquetes, 18 dibuixos i 20 gravats del reconegut arquitecte per la seva Col\u00b7lecci\u00f3 Permanent.<\/p>\n<p>Poc despr\u00e9s, el novembre de 2021, la Generalitat de Catalunya\u00a0i l\u2019Ajuntament de Barcelona van presentar l\u2019exposici\u00f3 <em>The Making of Making (Architecture)<\/em> al Museu del Disseny \u00a0de Barcelona, una mostra antol\u00f2gica que tamb\u00e9 destacava i reconeixia la rellev\u00e0ncia internacional del treball de l\u2019estudi MIAS Architects, amb m\u00e9s de 500m2 d\u2019espai expositiu que feien un recorregut per les diferents obres del despatx d\u2019arquitectes entre els anys 2000 i 2020. Aquesta exposici\u00f3, formada per maquetes, dibuixos i fotografies del proc\u00e9s constructiu i de les obres finals, era la primera mostra del museu barcelon\u00ed dedicada d\u2019un arquitecte encara en actiu.<\/p>\n<p>L\u2019exposici\u00f3 <em>Escultures transitables <\/em>de Banyoles agafa el relleu de les mostres de Par\u00eds i Barcelona, i es desplega per diversos espais de la capital del Pla de l\u2019Estany en una mostra \u00fanica formada per maquetes conceptuals a escala A3 de diferents projectes de l\u2019estudi MIAS, on el filferro ressegueix \u00a0i construeix els dibuixos que pr\u00e8viament s\u2019han fet amb llapis sobre el paper.<\/p>\n<p>&nbsp;<\/p>\n<p><strong>Josep Mi\u00e0s i l\u2019estudi MIAS Architects<\/strong><\/p>\n<p>MIAS Architects \u00e9s un estudi d\u2019arquitectura amb seu a Barcelona, fundat l\u2019any 2000 per l\u2018arquitecte d\u2019origen banyol\u00ed Josep Mi\u00e0s. Despr\u00e9s d\u2019haver cursat els seus estudis a l\u2019Escola T\u00e8cnica Superior d\u2019Arquitectura de Barcelona, va treballar amb l\u2019arquitecte Enric Miralles entre els anys 1990 i 2000. Reconegut per les seves propostes imprevisibles, innovadores i experimentals, Mi\u00e0s basa les seves obres amb diversos aspectes socials, culturals, hist\u00f2rics i econ\u00f2mics, i incorpora en el seu treball la investigaci\u00f3 formal, la recerca\u00a0 tecnol\u00f2gica i el comportament estructural dels edificis, aix\u00ed com l\u2019experimentaci\u00f3 amb nous\u00a0 materials i la recerca en l\u2019\u00e0mbit de la sostenibilitat, oferint propostes in\u00e8dites i sorprenents. Per aquesta ra\u00f3, i gr\u00e0cies als seus projectes i dissenys singulars, l\u2019estudi MIAS Architects s\u2019ha convertit en un referent en el m\u00f3n de l\u2019arquitectura.<\/p>\n<p>L&#8217;estudi \u00e9s conegut internacionalment per projectes com el Club de Golf Fontanals, la transformaci\u00f3\u00a0 del Centre Hist\u00f2ric de Banyoles, el nou Mercat de la Barceloneta, les intervencions al Parc d\u2019Atraccions del Tibidabo, el 22@ Plug-in Building o el iGuzzini Illuminazione HQ a Barcelona, entre d&#8217;altres. \u00a0Aix\u00ed mateix, l\u2019estudi MIAS ha estat\u00a0 guardonat amb diversos premis nacionals i internacionals entre els que destaquen el International Stone Architecture Award (2013), el Architizer Building of the World Award (2013), el Archdaily Best Building of the Year Award (2011), el Premi al Millor Equipament Educatiu d&#8217;Espanya en els Premis Arquitectura A+ (2011), el Premi Catalunya Construcci\u00f3 2009 o l&#8217;AIA New York City Recognition for International Relevance (2013), entre molts altres.<\/p>\n<p>L\u2019obra de Mi\u00e0s, que ha estat exposada i publicada internacionalment, s\u2019ha pogut veure a destacades exposicions com el COAC (Barcelona), Nuevos Ministerios (Madrid), Cit\u00e9 de l\u2019Architecture (Par\u00eds), Stadelschule (Frankfurt),\u00a0 Architektur Forum (Zurich), TU University (Berlin) o Bartlett School of Architecture (Londres), entre moltes altres.<\/p>\n","protected":false},"excerpt":{"rendered":"<p>L&#8217;exposici\u00f3 Escultures Transitables es podr\u00e0 visitar fins al 30 de novembre a l&#8217;Espai Eat Art de Banyoles. La Fundaci\u00f3 Llu\u00eds &#8230;<\/p>\n","protected":false},"author":2,"featured_media":5672,"comment_status":"open","ping_status":"open","sticky":false,"template":"","format":"standard","meta":{"footnotes":""},"categories":[14,15,10,17,9,12],"tags":[],"class_list":["post-5670","post","type-post","status-publish","format-standard","has-post-thumbnail","hentry","category-accions-culturals","category-accions-socials","category-activitats","category-exposicions-espai-eat-art","category-historic","category-publicacions"],"_links":{"self":[{"href":"http:\/\/fundaciolluiscoromina.org\/index.php\/wp-json\/wp\/v2\/posts\/5670","targetHints":{"allow":["GET"]}}],"collection":[{"href":"http:\/\/fundaciolluiscoromina.org\/index.php\/wp-json\/wp\/v2\/posts"}],"about":[{"href":"http:\/\/fundaciolluiscoromina.org\/index.php\/wp-json\/wp\/v2\/types\/post"}],"author":[{"embeddable":true,"href":"http:\/\/fundaciolluiscoromina.org\/index.php\/wp-json\/wp\/v2\/users\/2"}],"replies":[{"embeddable":true,"href":"http:\/\/fundaciolluiscoromina.org\/index.php\/wp-json\/wp\/v2\/comments?post=5670"}],"version-history":[{"count":0,"href":"http:\/\/fundaciolluiscoromina.org\/index.php\/wp-json\/wp\/v2\/posts\/5670\/revisions"}],"wp:attachment":[{"href":"http:\/\/fundaciolluiscoromina.org\/index.php\/wp-json\/wp\/v2\/media?parent=5670"}],"wp:term":[{"taxonomy":"category","embeddable":true,"href":"http:\/\/fundaciolluiscoromina.org\/index.php\/wp-json\/wp\/v2\/categories?post=5670"},{"taxonomy":"post_tag","embeddable":true,"href":"http:\/\/fundaciolluiscoromina.org\/index.php\/wp-json\/wp\/v2\/tags?post=5670"}],"curies":[{"name":"wp","href":"https:\/\/api.w.org\/{rel}","templated":true}]}}