{"id":5688,"date":"2022-05-25T15:04:18","date_gmt":"2022-05-25T13:04:18","guid":{"rendered":"http:\/\/www.fundaciolluiscoromina.org\/?p=5688"},"modified":"2022-05-25T15:04:18","modified_gmt":"2022-05-25T13:04:18","slug":"28a-edicio-del-festival-femjazz-de-banyoles","status":"publish","type":"post","link":"http:\/\/fundaciolluiscoromina.org\/index.php\/2022\/05\/25\/28a-edicio-del-festival-femjazz-de-banyoles\/","title":{"rendered":"28a edici\u00f3 del festival FEMJazz! de Banyoles"},"content":{"rendered":"<p>El Festival d\u2019Emerg\u00e8ncies Musicals de Banyoles, FemJAZZ!, celebra la seva 28a edici\u00f3 aquest cap de setmana a la capital del Pla de l\u2019Estany. Amb el suport de la Fundaci\u00f3 Llu\u00eds Coromina, que aquest divendres 27 de maig acollir\u00e0 el concert d\u2019Amidea Clotet a l\u2019Espai Eat Art (20 h), el festival presenta m\u00e9s de deu propostes per a tots els p\u00fablics i gustos: Els Ben\u00edtez, Trio Nilo, V\u00edctor Carrascosa Quartet o La Dona del Sac, entre moltes altres. El FEMJazz!, que conserva la seva ess\u00e8ncia i aposta per la m\u00fasica improvisada feta per joves talents del territori, presenta una programaci\u00f3 variada que anir\u00e0 des de les sonoritats m\u00e9s \u00ednitmes fins a les composicions d\u2019estil lliure m\u00e9s arriscades i meticuloses, passant per sessions de discj\u00f2queis, dinars populars o xerrades, entre d\u2019altres. M\u00e9s informaci\u00f3 i entrades a <a href=\"http:\/\/www.femjazz.cat\">www.femjazz.cat<\/a>.<\/p>\n<p>&nbsp;<\/p>\n","protected":false},"excerpt":{"rendered":"<p>El Festival d\u2019Emerg\u00e8ncies Musicals de Banyoles, FemJAZZ!, celebra la seva 28a edici\u00f3 aquest cap de setmana a la capital del &#8230;<\/p>\n","protected":false},"author":2,"featured_media":5689,"comment_status":"open","ping_status":"open","sticky":false,"template":"","format":"standard","meta":{"footnotes":""},"categories":[14,15,10,9,12],"tags":[],"class_list":["post-5688","post","type-post","status-publish","format-standard","has-post-thumbnail","hentry","category-accions-culturals","category-accions-socials","category-activitats","category-historic","category-publicacions"],"_links":{"self":[{"href":"http:\/\/fundaciolluiscoromina.org\/index.php\/wp-json\/wp\/v2\/posts\/5688","targetHints":{"allow":["GET"]}}],"collection":[{"href":"http:\/\/fundaciolluiscoromina.org\/index.php\/wp-json\/wp\/v2\/posts"}],"about":[{"href":"http:\/\/fundaciolluiscoromina.org\/index.php\/wp-json\/wp\/v2\/types\/post"}],"author":[{"embeddable":true,"href":"http:\/\/fundaciolluiscoromina.org\/index.php\/wp-json\/wp\/v2\/users\/2"}],"replies":[{"embeddable":true,"href":"http:\/\/fundaciolluiscoromina.org\/index.php\/wp-json\/wp\/v2\/comments?post=5688"}],"version-history":[{"count":0,"href":"http:\/\/fundaciolluiscoromina.org\/index.php\/wp-json\/wp\/v2\/posts\/5688\/revisions"}],"wp:attachment":[{"href":"http:\/\/fundaciolluiscoromina.org\/index.php\/wp-json\/wp\/v2\/media?parent=5688"}],"wp:term":[{"taxonomy":"category","embeddable":true,"href":"http:\/\/fundaciolluiscoromina.org\/index.php\/wp-json\/wp\/v2\/categories?post=5688"},{"taxonomy":"post_tag","embeddable":true,"href":"http:\/\/fundaciolluiscoromina.org\/index.php\/wp-json\/wp\/v2\/tags?post=5688"}],"curies":[{"name":"wp","href":"https:\/\/api.w.org\/{rel}","templated":true}]}}