{"id":5691,"date":"2022-05-31T17:40:27","date_gmt":"2022-05-31T15:40:27","guid":{"rendered":"http:\/\/www.fundaciolluiscoromina.org\/?p=5691"},"modified":"2022-05-31T17:40:27","modified_gmt":"2022-05-31T15:40:27","slug":"primera-ruta-biomimetica-en-lentorn-de-la-fabrica-la-brutau-a-sant-jaume-de-llierca","status":"publish","type":"post","link":"http:\/\/fundaciolluiscoromina.org\/index.php\/2022\/05\/31\/primera-ruta-biomimetica-en-lentorn-de-la-fabrica-la-brutau-a-sant-jaume-de-llierca\/","title":{"rendered":"Primera ruta biomim\u00e8tica en l\u2019entorn de la F\u00e0brica La Brutau, a Sant Jaume de Llierca"},"content":{"rendered":"<p>La Fundaci\u00f3 Llu\u00eds Coromina d\u00f3na suport a <strong>la primera ruta biomim\u00e8tica a peu de Catalunya<\/strong>, organitzada per l\u2019Ajuntament de Sant Jaume de Llierca des de l\u2019\u00c0rea Circular La Brutau. La ruta, que tindr\u00e0 lloc <strong>el p\u00f2xim dijous 2 de juny a les 11:45 h<\/strong>, es dur\u00e0 a terme en l\u2019entorn de la F\u00e0brica La Brutau, amb l\u2019objectiu d\u2019avan\u00e7ar en una naturalitzaci\u00f3 de la consci\u00e8ncia i contribuir en el desenvolupament d\u2019un futur en equilibri amb el planeta.<\/p>\n<p><a href=\"http:\/\/www.fundaciolluiscoromina.org\/wp-content\/uploads\/2022\/05\/ruta-2.jpg\"><img loading=\"lazy\" decoding=\"async\" class=\"alignnone  wp-image-5698\" src=\"http:\/\/www.fundaciolluiscoromina.org\/wp-content\/uploads\/2022\/05\/ruta-2.jpg\" alt=\"\" width=\"399\" height=\"349\" \/><\/a><\/p>\n<p>Sant Jaume de Llierca es convertir\u00e0 en el primer municipi de Catalunya i de l\u2019Estat espanyol que introdueixi la biomim\u00e8tica com a factor de salut i coneixement, i comen\u00e7ar\u00e0 amb aquesta ruta caminant per la natura i l\u2019entorn de la F\u00e0brica La Brutau. La contemplaci\u00f3 i la innovaci\u00f3 <em>bioinspiradora<\/em> seran els principals ingredients de la iniciativa, i s\u2019integraran de forma que, en el transcurs de la ruta, els participants descobriran com la natura pot ser font d\u2019inspiraci\u00f3 per generar una realitat innovadora i ser aplicada en el m\u00f3n hum\u00e0, a trav\u00e9s dels processos naturals del medi ambient i de les seves maneres d\u2019organitzaci\u00f3, materials i altres principis intel\u00b7ligents. Aix\u00ed doncs, les persones que participin contemplaran el paisatge natural i, gr\u00e0cies a la tecnologia del QR, coneixeran innovacions biomim\u00e8tiques i noves solucions de futur pel planeta i la humanitat.<\/p>\n<p>Aquest projecte biomim\u00e8tic, impulsat per l\u2019\u00c0rea Circular de la F\u00e0brica La Brutau de l\u2019Ajuntament de Sant Jaume de Llierca, est\u00e0 vinculat amb els valors i la visi\u00f3 del projecte de l\u2019Observatori del Benestar La Brutau, que actualment es troba en fase de definici\u00f3 d\u2019usos, i que t\u00e9 com a eix central poder gaudir del territori i potenciar la biomim\u00e8tica, que es\u00a0fonamenta en la imitaci\u00f3 d\u2019elements naturals per\u00a0donar noves solucions a reptes i desafiaments humans.<\/p>\n<p>Els convidats a l\u2019acte d\u2019inauguraci\u00f3 de la primera ruta biomim\u00e8tica de Catalunya, que tindr\u00e0 un aforament limitat i es realitzar\u00e0 el dijous 2 de juny a les 11:45 h, viuran una iniciativa sense precedents que\u00a0 s\u2019emmarca en un nou model d\u2019experi\u00e8ncia, en qu\u00e8 es descobreix una forma de viure i veure el territori de forma conscient i sostenible, des de la contemplaci\u00f3 del paisatge natural i la visualitzaci\u00f3 del coneixement <em>bioinspirador<\/em>.<\/p>\n","protected":false},"excerpt":{"rendered":"<p>La Fundaci\u00f3 Llu\u00eds Coromina d\u00f3na suport a la primera ruta biomim\u00e8tica a peu de Catalunya, organitzada per l\u2019Ajuntament de Sant &#8230;<\/p>\n","protected":false},"author":2,"featured_media":5696,"comment_status":"open","ping_status":"open","sticky":false,"template":"","format":"standard","meta":{"footnotes":""},"categories":[14,15,10,9,12],"tags":[],"class_list":["post-5691","post","type-post","status-publish","format-standard","has-post-thumbnail","hentry","category-accions-culturals","category-accions-socials","category-activitats","category-historic","category-publicacions"],"_links":{"self":[{"href":"http:\/\/fundaciolluiscoromina.org\/index.php\/wp-json\/wp\/v2\/posts\/5691","targetHints":{"allow":["GET"]}}],"collection":[{"href":"http:\/\/fundaciolluiscoromina.org\/index.php\/wp-json\/wp\/v2\/posts"}],"about":[{"href":"http:\/\/fundaciolluiscoromina.org\/index.php\/wp-json\/wp\/v2\/types\/post"}],"author":[{"embeddable":true,"href":"http:\/\/fundaciolluiscoromina.org\/index.php\/wp-json\/wp\/v2\/users\/2"}],"replies":[{"embeddable":true,"href":"http:\/\/fundaciolluiscoromina.org\/index.php\/wp-json\/wp\/v2\/comments?post=5691"}],"version-history":[{"count":0,"href":"http:\/\/fundaciolluiscoromina.org\/index.php\/wp-json\/wp\/v2\/posts\/5691\/revisions"}],"wp:attachment":[{"href":"http:\/\/fundaciolluiscoromina.org\/index.php\/wp-json\/wp\/v2\/media?parent=5691"}],"wp:term":[{"taxonomy":"category","embeddable":true,"href":"http:\/\/fundaciolluiscoromina.org\/index.php\/wp-json\/wp\/v2\/categories?post=5691"},{"taxonomy":"post_tag","embeddable":true,"href":"http:\/\/fundaciolluiscoromina.org\/index.php\/wp-json\/wp\/v2\/tags?post=5691"}],"curies":[{"name":"wp","href":"https:\/\/api.w.org\/{rel}","templated":true}]}}