{"id":5700,"date":"2022-06-01T17:03:20","date_gmt":"2022-06-01T15:03:20","guid":{"rendered":"http:\/\/www.fundaciolluiscoromina.org\/?p=5700"},"modified":"2022-06-01T17:03:20","modified_gmt":"2022-06-01T15:03:20","slug":"lespai-eat-art-de-banyoles-acull-dues-actuacions-de-la-18a-edicio-de-laphonica","status":"publish","type":"post","link":"http:\/\/fundaciolluiscoromina.org\/index.php\/2022\/06\/01\/lespai-eat-art-de-banyoles-acull-dues-actuacions-de-la-18a-edicio-de-laphonica\/","title":{"rendered":"L\u2019Espai Eat Art de Banyoles acull dues actuacions de la 18a edici\u00f3 de l\u2019(a)ph\u00f2nica"},"content":{"rendered":"<p>La Fundaci\u00f3 Llu\u00eds Coromina col\u00b7labora un any m\u00e9s amb l\u2019(a)ph\u00f2nica, el Festival de la Veu de Banyoles, i acull dues activitats de la 18a edici\u00f3 a l\u2019Espai Eat Art de Banyoles. Per una banda,\u00a0el concert d\u2019<strong>Amorante<\/strong>, cantautor basc que actuar\u00e0 per primera vegada a les comarques gironines el dissabte 25 de juny a les 12 h. Per altra banda, el diunenge 26 de juny (12 h) tindr\u00e0 lloc el <em>Compendi Po\u00e8tic<\/em> amb <strong>Ant\u00f2nia Vicens i Antoni Vidal<\/strong>, una proposta coorganitzada amb \u00d2mnium Cultural Pla de l\u2019Estany que ha estat ideada especialment per al festival. Ambdues actuacions s\u00f3n gratu\u00eftes i es duran a terme a l\u2019espai de la Fundaci\u00f3 situat a la pla\u00e7a Major de Banyoles, amb aforament limitat.<\/p>\n<p><a href=\"http:\/\/www.fundaciolluiscoromina.org\/wp-content\/uploads\/2022\/06\/Antonia-i-Antoni-Ok.jpg\"><img loading=\"lazy\" decoding=\"async\" class=\"alignnone wp-image-5702\" src=\"http:\/\/www.fundaciolluiscoromina.org\/wp-content\/uploads\/2022\/06\/Antonia-i-Antoni-Ok-1024x683.jpg\" alt=\"\" width=\"445\" height=\"297\" \/><\/a><\/p>\n","protected":false},"excerpt":{"rendered":"<p>La Fundaci\u00f3 Llu\u00eds Coromina col\u00b7labora un any m\u00e9s amb l\u2019(a)ph\u00f2nica, el Festival de la Veu de Banyoles, i acull dues &#8230;<\/p>\n","protected":false},"author":2,"featured_media":5701,"comment_status":"open","ping_status":"open","sticky":false,"template":"","format":"standard","meta":{"footnotes":""},"categories":[14,15,10,9,12],"tags":[],"class_list":["post-5700","post","type-post","status-publish","format-standard","has-post-thumbnail","hentry","category-accions-culturals","category-accions-socials","category-activitats","category-historic","category-publicacions"],"_links":{"self":[{"href":"http:\/\/fundaciolluiscoromina.org\/index.php\/wp-json\/wp\/v2\/posts\/5700","targetHints":{"allow":["GET"]}}],"collection":[{"href":"http:\/\/fundaciolluiscoromina.org\/index.php\/wp-json\/wp\/v2\/posts"}],"about":[{"href":"http:\/\/fundaciolluiscoromina.org\/index.php\/wp-json\/wp\/v2\/types\/post"}],"author":[{"embeddable":true,"href":"http:\/\/fundaciolluiscoromina.org\/index.php\/wp-json\/wp\/v2\/users\/2"}],"replies":[{"embeddable":true,"href":"http:\/\/fundaciolluiscoromina.org\/index.php\/wp-json\/wp\/v2\/comments?post=5700"}],"version-history":[{"count":0,"href":"http:\/\/fundaciolluiscoromina.org\/index.php\/wp-json\/wp\/v2\/posts\/5700\/revisions"}],"wp:attachment":[{"href":"http:\/\/fundaciolluiscoromina.org\/index.php\/wp-json\/wp\/v2\/media?parent=5700"}],"wp:term":[{"taxonomy":"category","embeddable":true,"href":"http:\/\/fundaciolluiscoromina.org\/index.php\/wp-json\/wp\/v2\/categories?post=5700"},{"taxonomy":"post_tag","embeddable":true,"href":"http:\/\/fundaciolluiscoromina.org\/index.php\/wp-json\/wp\/v2\/tags?post=5700"}],"curies":[{"name":"wp","href":"https:\/\/api.w.org\/{rel}","templated":true}]}}