{"id":5709,"date":"2022-06-14T16:49:51","date_gmt":"2022-06-14T14:49:51","guid":{"rendered":"http:\/\/www.fundaciolluiscoromina.org\/?p=5709"},"modified":"2022-06-14T16:49:51","modified_gmt":"2022-06-14T14:49:51","slug":"lorigen-de-les-idees-nova-exposicio-de-larquitecte-josep-mias-al-puntal-de-banyoles","status":"publish","type":"post","link":"http:\/\/fundaciolluiscoromina.org\/index.php\/2022\/06\/14\/lorigen-de-les-idees-nova-exposicio-de-larquitecte-josep-mias-al-puntal-de-banyoles\/","title":{"rendered":"\u2018L\u2019origen de les idees\u2019, nova exposici\u00f3 de l\u2019arquitecte Josep Mi\u00e0s al Puntal de Banyoles"},"content":{"rendered":"<p>La Fundaci\u00f3 Llu\u00eds Coromina acull l\u2019exposici\u00f3 <em>L\u2019origen de les idees<\/em> de Josep Mi\u00e0s, englobada en el marc d\u2019activitats que tindran lloc durant aquest 2022 a Banyoles, en reconeixement de l\u2019obra i traject\u00f2ria del reconegut arquitecte. La mostra s\u2019inaugurar\u00e0 el <strong>divendres 17 de juny a les 19:45 h al Puntal \u2013 Laboratori de les Arts<\/strong>, i anir\u00e0 seguida de la videoprojecci\u00f3 d\u2019Enrique Baeza i el col\u00b7lectiu MITO, que tindr\u00e0 lloc al mateix espai.<\/p>\n<p>Emmarcada en un imaginari conceptual, l\u2019exposici\u00f3 <em>L\u2019origen de les idees<\/em> \u00e9s el reflex d\u2019un proc\u00e9s creatiu basat en el comportament i sentit com\u00fa de la natura, en qu\u00e8 els aspectes m\u00e9s ef\u00edmers prenen sentit davant d\u2019all\u00f2 m\u00e9s tangible i material. D\u2019aquesta forma, l\u2019exposici\u00f3 girar\u00e0 entorn d\u2019un ecosistema imaginari, en qu\u00e8 el visitant descobrir\u00e0 un m\u00f3n on all\u00f2 visible es fa invisible a trav\u00e9s de la interpretaci\u00f3 del disseny arquitect\u00f2nic de Mi\u00e0s, que el considera un element de llibertat quan aquest interacciona amb les persones.<\/p>\n<p>La mostra <em>L\u2019origen de les idees <\/em>de Josep Mi\u00e0s, que es podr\u00e0 visitar en horaris a convenir (cal trucar al tel\u00e8fon 972 58 34 77), se suma a l\u2019exposici\u00f3 a <em>Escultures transitables<\/em> del mateix arquitecte, que es va inaugurar el passat mes de maig a l\u2019espai municipal Can Tarradas\u00a0(Carrer Moss\u00e8n Jacint Verdaguer, 17) i a l\u2019Espai Eat Art de la Fundaci\u00f3 Llu\u00eds Coromina (Pla\u00e7a Major, 33), i que estar\u00e0 oberta al p\u00fablic fins al mes de setembre. M\u00e9s informaci\u00f3 d\u2019aquesta exposici\u00f3 i de l\u2019arquitecte Josep Mi\u00e0s i el seu reconegut estudi MIAS Architects\u00a0<strong><a href=\"http:\/\/www.fundaciolluiscoromina.org\/la-fundacio-i-lajuntament-de-banyoles-presenten-lexposicio-escultures-transitables-de-larquitecte-josep-mias\/\"><u>en aquest enlla\u00e7<\/u><\/a><\/strong>.<\/p>\n<p>&nbsp;<\/p>\n<p><strong>Exposici\u00f3 L&#8217;origen de les idees de Josep Mi\u00e0s<\/strong><\/p>\n<p>Puntal &#8211; Laboratori de les Arts (Carrer Girona, 161, Banyoles)<\/p>\n<p>Horaris a convenir: 972 58 34 77<\/p>\n<p><em>M\u00e9s informaci\u00f3 de l&#8217;exposici\u00f3 Escultures transitables de Josep Mi\u00e0s <a href=\"http:\/\/www.fundaciolluiscoromina.org\/la-fundacio-i-lajuntament-de-banyoles-presenten-lexposicio-escultures-transitables-de-larquitecte-josep-mias\/\">en aquest enlla\u00e7<\/a>.<\/em><\/p>\n","protected":false},"excerpt":{"rendered":"<p>La Fundaci\u00f3 Llu\u00eds Coromina acull l\u2019exposici\u00f3 L\u2019origen de les idees de Josep Mi\u00e0s, englobada en el marc d\u2019activitats que tindran &#8230;<\/p>\n","protected":false},"author":2,"featured_media":5710,"comment_status":"open","ping_status":"open","sticky":false,"template":"","format":"standard","meta":{"footnotes":""},"categories":[14,10,13,9,12],"tags":[],"class_list":["post-5709","post","type-post","status-publish","format-standard","has-post-thumbnail","hentry","category-accions-culturals","category-activitats","category-exposicions-puntal-lab","category-historic","category-publicacions"],"_links":{"self":[{"href":"http:\/\/fundaciolluiscoromina.org\/index.php\/wp-json\/wp\/v2\/posts\/5709","targetHints":{"allow":["GET"]}}],"collection":[{"href":"http:\/\/fundaciolluiscoromina.org\/index.php\/wp-json\/wp\/v2\/posts"}],"about":[{"href":"http:\/\/fundaciolluiscoromina.org\/index.php\/wp-json\/wp\/v2\/types\/post"}],"author":[{"embeddable":true,"href":"http:\/\/fundaciolluiscoromina.org\/index.php\/wp-json\/wp\/v2\/users\/2"}],"replies":[{"embeddable":true,"href":"http:\/\/fundaciolluiscoromina.org\/index.php\/wp-json\/wp\/v2\/comments?post=5709"}],"version-history":[{"count":0,"href":"http:\/\/fundaciolluiscoromina.org\/index.php\/wp-json\/wp\/v2\/posts\/5709\/revisions"}],"wp:attachment":[{"href":"http:\/\/fundaciolluiscoromina.org\/index.php\/wp-json\/wp\/v2\/media?parent=5709"}],"wp:term":[{"taxonomy":"category","embeddable":true,"href":"http:\/\/fundaciolluiscoromina.org\/index.php\/wp-json\/wp\/v2\/categories?post=5709"},{"taxonomy":"post_tag","embeddable":true,"href":"http:\/\/fundaciolluiscoromina.org\/index.php\/wp-json\/wp\/v2\/tags?post=5709"}],"curies":[{"name":"wp","href":"https:\/\/api.w.org\/{rel}","templated":true}]}}