{"id":5717,"date":"2022-06-22T10:52:25","date_gmt":"2022-06-22T08:52:25","guid":{"rendered":"http:\/\/www.fundaciolluiscoromina.org\/?p=5717"},"modified":"2022-06-22T10:52:25","modified_gmt":"2022-06-22T08:52:25","slug":"lexposicio-lix-concurs-internacional-de-dibuix-ynglada-guillot-a-lespai-isern-dalmau-de-barcelona","status":"publish","type":"post","link":"http:\/\/fundaciolluiscoromina.org\/index.php\/2022\/06\/22\/lexposicio-lix-concurs-internacional-de-dibuix-ynglada-guillot-a-lespai-isern-dalmau-de-barcelona\/","title":{"rendered":"L\u2019exposici\u00f3 \u2018LIX Concurs Internacional de Dibuix Ynglada-Guillot\u2019, a l\u2019Espai Isern Dalmau de Barcelona"},"content":{"rendered":"<p>L\u2019Espai Isern Dalmau acull l\u2019exposici\u00f3 <em>LIX Concurs Internacional de Dibuix Ynglada-Guillot, <\/em>organitzada per la\u00a0Fundaci\u00f3 Ynglada-Guillot, amb col\u00b7laboraci\u00f3 de la Fundaci\u00f3 Llu\u00eds Coromina i la Fundaci\u00f3 Vila Casas. La mostra \u00e9s un recull de les obres seleccionades en el marc del 59a edici\u00f3 del Premi Internacional de Dibuix Yngla\u00adda-Guillot. La nova exposici\u00f3, que <strong>s\u2019inaugurar\u00e0 el dijous 30 de juny a les 18 h<\/strong>, comptar\u00e0 amb l\u2019obra guanyadora de l\u2019edici\u00f3 d\u2019enguany, <em>Estudio de\u00a0Paolozzi<\/em> de David Mart\u00ednez Calder\u00f3n, aix\u00ed com amb una altra obra del mateix artista escollida expressament per l\u2019ocasi\u00f3. Aix\u00ed mateix, tamb\u00e9 s\u2019hi podran veure les tres obres finalistes i una selecci\u00f3 de vint dibuixos presentats en aquesta 59a edici\u00f3, escollits pel jurat format per Nat\u00e0lia\u00a0Chocarro, Dom\u00e8nec Corbella, Josep\u00a0Munta\u00f1ola, M\u00f2nica Piera i Ricard\u00a0Planas.<\/p>\n<p>Com cada any, el Concurs Internacional de Dibuix Ynglada-Guillot ha servit per donar reconeixement i visibilitat a diversos artistes del pa\u00eds, que hi han participat\u00a0amb estils ben diversos, tant abstractes com figuratius. L\u2019obra guanyadora de la 59a edici\u00f3 del concurs, <em>Estudio de\u00a0Paolozzi<\/em>\u00a0de David Mart\u00ednez Calder\u00f3n, \u00e9s\u00a0una obra\u00a0bigarrada\u00a0i barroca d\u2019una gran perfecci\u00f3\u00a0t\u00e8cnica, en qu\u00e8 l\u2019atmosfera\u00a0de l\u2019estudi de l\u2019artista quasi es pot palpar amb els cinc sentits. Altres artistes premiats en les darreres edicions han estat Montserrat\u00a0Gudiol, Em\u00edlia\u00a0Xargay,\u00a0Ram\u00f3n\u00a0Calsina, Josep\u00a0M\u00aa\u00a0Subirachs, Armand Cardona\u00a0Torrandell, Josep Pla-Narbona, Josep\u00a0Santilari, Anna Miquel, Llu\u00efsa\u00a0Granero, Roser Puig o Pilar\u00a0Perdices, entre d\u2019altres. , escollits pel jurat format per Nat\u00e0lia\u00a0Chocarro, Dom\u00e8nec Corbella, Josep\u00a0Munta\u00f1ola, M\u00f2nica Piera i Ricard\u00a0Planas.<\/p>\n<p>L\u2019exposici\u00f3, que s\u2019inaugura el pr\u00f2xim dijous 30 de juny, es podr\u00e0 visitar fins al 30 de juliol\u00a0 a l\u2019Espai Isern Dalmau de Barcelona, i els horaris seran de dimarts a divendres de 17 h a 20 h i els dissabtes de 10 a 13 h.<\/p>\n<p>&nbsp;<\/p>\n<p><strong>Concurs Interacional de Dibuix Ynglada-Guillot: 59 edicions<\/strong><\/p>\n<p>La Fundaci\u00f3 Ynglada-Guillot va presentar la primera edici\u00f3 del Premi Internacio\u00adnal de Dibuix el mateix any de la seva fundaci\u00f3, el 1959. Des d\u2019aleshores, el concurs de dibuix es convoca anualment, i actualment compta amb la\u00a0col\u00b7laboraci\u00f3\u00a0de la Reial Acad\u00e8mia Catalana de Belles Arts de Sant Jordi; la Fundaci\u00f3 Vila\u00a0Casas,\u00a0que aporta la dotaci\u00f3 econ\u00f2mica del premi, i la Fundaci\u00f3 Llu\u00eds Coromina, que cedeix l\u2019espai expositiu.<\/p>\n","protected":false},"excerpt":{"rendered":"<p>L\u2019Espai Isern Dalmau acull l\u2019exposici\u00f3 LIX Concurs Internacional de Dibuix Ynglada-Guillot, organitzada per la\u00a0Fundaci\u00f3 Ynglada-Guillot, amb col\u00b7laboraci\u00f3 de la Fundaci\u00f3 &#8230;<\/p>\n","protected":false},"author":2,"featured_media":5718,"comment_status":"open","ping_status":"open","sticky":false,"template":"","format":"standard","meta":{"footnotes":""},"categories":[14,15,10,228,9,12],"tags":[],"class_list":["post-5717","post","type-post","status-publish","format-standard","has-post-thumbnail","hentry","category-accions-culturals","category-accions-socials","category-activitats","category-exposicions-espai-isern-dalmau","category-historic","category-publicacions"],"_links":{"self":[{"href":"http:\/\/fundaciolluiscoromina.org\/index.php\/wp-json\/wp\/v2\/posts\/5717","targetHints":{"allow":["GET"]}}],"collection":[{"href":"http:\/\/fundaciolluiscoromina.org\/index.php\/wp-json\/wp\/v2\/posts"}],"about":[{"href":"http:\/\/fundaciolluiscoromina.org\/index.php\/wp-json\/wp\/v2\/types\/post"}],"author":[{"embeddable":true,"href":"http:\/\/fundaciolluiscoromina.org\/index.php\/wp-json\/wp\/v2\/users\/2"}],"replies":[{"embeddable":true,"href":"http:\/\/fundaciolluiscoromina.org\/index.php\/wp-json\/wp\/v2\/comments?post=5717"}],"version-history":[{"count":0,"href":"http:\/\/fundaciolluiscoromina.org\/index.php\/wp-json\/wp\/v2\/posts\/5717\/revisions"}],"wp:attachment":[{"href":"http:\/\/fundaciolluiscoromina.org\/index.php\/wp-json\/wp\/v2\/media?parent=5717"}],"wp:term":[{"taxonomy":"category","embeddable":true,"href":"http:\/\/fundaciolluiscoromina.org\/index.php\/wp-json\/wp\/v2\/categories?post=5717"},{"taxonomy":"post_tag","embeddable":true,"href":"http:\/\/fundaciolluiscoromina.org\/index.php\/wp-json\/wp\/v2\/tags?post=5717"}],"curies":[{"name":"wp","href":"https:\/\/api.w.org\/{rel}","templated":true}]}}