{"id":5722,"date":"2022-07-04T17:20:53","date_gmt":"2022-07-04T15:20:53","guid":{"rendered":"http:\/\/www.fundaciolluiscoromina.org\/?p=5722"},"modified":"2022-07-04T17:20:53","modified_gmt":"2022-07-04T15:20:53","slug":"lespectacle-arquitectura-polifonia-i-dansa-urbana-en-el-marc-de-les-exposicions-de-josep-mias-a-banyoles","status":"publish","type":"post","link":"http:\/\/fundaciolluiscoromina.org\/index.php\/2022\/07\/04\/lespectacle-arquitectura-polifonia-i-dansa-urbana-en-el-marc-de-les-exposicions-de-josep-mias-a-banyoles\/","title":{"rendered":"L&#8217;espectacle \u2018Arquitectura, polifonia i dansa urbana\u2019, en el marc de les exposicions de Josep Mi\u00e0s a Banyoles  \u00a0"},"content":{"rendered":"<p>&nbsp;<\/p>\n<p>La Fundaci\u00f3 Llu\u00eds Coromina i l\u2019Ajuntament de Banyoles i presenten l\u2019espectacle <em>Arquitectura, polifonia i dansa urbana<\/em>, del core\u00f2graf i ballar\u00ed Blai Costa i la formaci\u00f3 banyolina Cor de Teatre. L\u2019activitat, que tindr\u00e0 lloc aquest <strong>divendres 8 de juliol a les 19 h al Claustre del Monestir de Sant Esteve de Banyoles<\/strong>, est\u00e0 emmarcada en el conjunt d\u2019exposicions i propostes culturals que volen posar en relleu l\u2019obra i figura de l\u2019arquitecte Josep Mi\u00e0s, com la mostra <em>Escultures transtiables<\/em>, dosponible a l\u2019Espai Eat Art i l\u2019espai municipal Can Tarradas, o <em>L\u2019origen de les idees<\/em>, al Puntal \u2013 Laboratori de les Arts.<\/p>\n<p>Interpretada per la formaci\u00f3 banyolina Cor de Teatre i el ballar\u00ed i core\u00f2graf Blai Costa, la <em>performance<\/em> cultural <em>Arquitectura, polifonia i dansa urbana <\/em>\u00e9s una mostra del di\u00e0leg existent entre diferents melodies, que construeixen una harmonia en el marc de la m\u00fasica vocal polif\u00f2nica amb l\u2019arquitectura actual, i m\u00e9s concretament en l\u2019ecosistema conceptual arquitect\u00f2nic de l\u2019estudi MIAS Architects, ubicat a Barcelona. L\u2019activitat comptar\u00e0 tamb\u00e9 amb la participaci\u00f3 de Ricard Planas, director de la Fundaci\u00f3 Llu\u00eds Coromina, i el propi Josep Mi\u00e0s, que mantindran una conversa amb miralls i maquetes de l\u2019estudi barcelon\u00ed, formant una escenografia que conviur\u00e0 amb les tres disciplines culturals \u2013arquitectura, m\u00fasica vocal polif\u00f2nica i dansa urbana- i exemplificaran una millor qualitat de vida.<\/p>\n<p>L\u2019activitat, que ser\u00e0 gratu\u00efta i amb aforament limitat<em>,<\/em> tamb\u00e9 comptar\u00e0 amb un tast gastron\u00f2mic amb consci\u00e8ncia biomim\u00e8tica elaborat i presentat per Lluc Quintana, el xef del Restaurant Can Xapes.<\/p>\n<p>Les persones interessades en assistir poden reservar la seva pla\u00e7a al correu electr\u00f2nic<a href=\"mailto:jsola@fundaciolluiscoromina.cat\">\u00a0jsola@fundaciolluiscoromina.cat<\/a>.<\/p>\n<p>&nbsp;<\/p>\n<p>Per a m\u00e9s informaci\u00f3 i horaris de les altres activitats i exposicions vinculades a l\u2019obra de Josep Mi\u00e0s, podeu <strong><a href=\"http:\/\/www.fundaciolluiscoromina.org\/la-fundacio-i-lajuntament-de-banyoles-presenten-lexposicio-escultures-transitables-de-larquitecte-josep-mias\/\" target=\"_blank\" rel=\"noopener\">consultar aquest enlla\u00e7<\/a><\/strong>.<\/p>\n<p>&nbsp;<\/p>\n","protected":false},"excerpt":{"rendered":"<p>&nbsp; La Fundaci\u00f3 Llu\u00eds Coromina i l\u2019Ajuntament de Banyoles i presenten l\u2019espectacle Arquitectura, polifonia i dansa urbana, del core\u00f2graf i &#8230;<\/p>\n","protected":false},"author":2,"featured_media":5723,"comment_status":"open","ping_status":"open","sticky":false,"template":"","format":"standard","meta":{"footnotes":""},"categories":[14,15,10,9,12],"tags":[],"class_list":["post-5722","post","type-post","status-publish","format-standard","has-post-thumbnail","hentry","category-accions-culturals","category-accions-socials","category-activitats","category-historic","category-publicacions"],"_links":{"self":[{"href":"http:\/\/fundaciolluiscoromina.org\/index.php\/wp-json\/wp\/v2\/posts\/5722","targetHints":{"allow":["GET"]}}],"collection":[{"href":"http:\/\/fundaciolluiscoromina.org\/index.php\/wp-json\/wp\/v2\/posts"}],"about":[{"href":"http:\/\/fundaciolluiscoromina.org\/index.php\/wp-json\/wp\/v2\/types\/post"}],"author":[{"embeddable":true,"href":"http:\/\/fundaciolluiscoromina.org\/index.php\/wp-json\/wp\/v2\/users\/2"}],"replies":[{"embeddable":true,"href":"http:\/\/fundaciolluiscoromina.org\/index.php\/wp-json\/wp\/v2\/comments?post=5722"}],"version-history":[{"count":0,"href":"http:\/\/fundaciolluiscoromina.org\/index.php\/wp-json\/wp\/v2\/posts\/5722\/revisions"}],"wp:attachment":[{"href":"http:\/\/fundaciolluiscoromina.org\/index.php\/wp-json\/wp\/v2\/media?parent=5722"}],"wp:term":[{"taxonomy":"category","embeddable":true,"href":"http:\/\/fundaciolluiscoromina.org\/index.php\/wp-json\/wp\/v2\/categories?post=5722"},{"taxonomy":"post_tag","embeddable":true,"href":"http:\/\/fundaciolluiscoromina.org\/index.php\/wp-json\/wp\/v2\/tags?post=5722"}],"curies":[{"name":"wp","href":"https:\/\/api.w.org\/{rel}","templated":true}]}}