{"id":5728,"date":"2022-08-01T10:59:21","date_gmt":"2022-08-01T08:59:21","guid":{"rendered":"http:\/\/www.fundaciolluiscoromina.org\/?p=5728"},"modified":"2022-08-01T10:59:21","modified_gmt":"2022-08-01T08:59:21","slug":"durant-el-mes-dagost-els-espais-de-la-fundacio-lluis-coromina-romandran-tancats-per-vacances","status":"publish","type":"post","link":"http:\/\/fundaciolluiscoromina.org\/index.php\/2022\/08\/01\/durant-el-mes-dagost-els-espais-de-la-fundacio-lluis-coromina-romandran-tancats-per-vacances\/","title":{"rendered":"Durant el mes d\u2019agost, els espais de la Fundaci\u00f3 Llu\u00eds Coromina romandran tancats per vacances"},"content":{"rendered":"<p>Els espais de la Fundaci\u00f3 Llu\u00eds Coromina romandran tancats per vacances durant tot el mes d\u2019agost, exceptuant l\u2019Espai Eat Art, que tindr\u00e0 un horari especial.<\/p>\n<p>Fins al 12 d\u2019agost, l\u2019espai situat a la pla\u00e7a Major de Banyoles obrir\u00e0 en el seu horari habitual (divendres de 17 h a 20:30 h, dissabtes de 10:30 h a 13:30 h i\u00a0de 17 h a 20:30 h, i diumenges de 10:30 a 13:30 h), per aquelles persones que vulguin visitar l\u2019exposici\u00f3 <em>Escultures Transitables,<\/em> del reconegut arquitecte Josep Mi\u00e0s. Del 13 al 20 d\u2019agost, l\u2019Espai Eat Art estar\u00e0 tancat, i tornar\u00e0 a obrir l\u2019\u00faltim cap de setmana del mes en horari especial: divendres 26, dissabte 27 i diumenge 28 d\u2019agost, de 10:30 h a 13:30 h. M\u00e9s informaci\u00f3 de l\u2019exposici\u00f3 de Josep Mi\u00e0s <a href=\"http:\/\/www.fundaciolluiscoromina.org\/la-fundacio-i-lajuntament-de-banyoles-presenten-lexposicio-escultures-transitables-de-larquitecte-josep-mias\/\"><strong>en aquest enlla\u00e7<\/strong><\/a>.<\/p>\n<p>Per altra banda, l\u2019Espai Isern de Barcelona i el Puntal \u2013 Laboratori de les Arts de Banyoles estaran tancats durant tot el mes d\u2019agost. La Fundaci\u00f3 Llu\u00eds Coromina tornar\u00e0 \u00a0a obrir tots els seus espais a partir de setembre.<\/p>\n","protected":false},"excerpt":{"rendered":"<p>Els espais de la Fundaci\u00f3 Llu\u00eds Coromina romandran tancats per vacances durant tot el mes d\u2019agost, exceptuant l\u2019Espai Eat Art, &#8230;<\/p>\n","protected":false},"author":2,"featured_media":5730,"comment_status":"open","ping_status":"open","sticky":false,"template":"","format":"standard","meta":{"footnotes":""},"categories":[14,15,10,228,17,9],"tags":[],"class_list":["post-5728","post","type-post","status-publish","format-standard","has-post-thumbnail","hentry","category-accions-culturals","category-accions-socials","category-activitats","category-exposicions-espai-isern-dalmau","category-exposicions-espai-eat-art","category-historic"],"_links":{"self":[{"href":"http:\/\/fundaciolluiscoromina.org\/index.php\/wp-json\/wp\/v2\/posts\/5728","targetHints":{"allow":["GET"]}}],"collection":[{"href":"http:\/\/fundaciolluiscoromina.org\/index.php\/wp-json\/wp\/v2\/posts"}],"about":[{"href":"http:\/\/fundaciolluiscoromina.org\/index.php\/wp-json\/wp\/v2\/types\/post"}],"author":[{"embeddable":true,"href":"http:\/\/fundaciolluiscoromina.org\/index.php\/wp-json\/wp\/v2\/users\/2"}],"replies":[{"embeddable":true,"href":"http:\/\/fundaciolluiscoromina.org\/index.php\/wp-json\/wp\/v2\/comments?post=5728"}],"version-history":[{"count":0,"href":"http:\/\/fundaciolluiscoromina.org\/index.php\/wp-json\/wp\/v2\/posts\/5728\/revisions"}],"wp:attachment":[{"href":"http:\/\/fundaciolluiscoromina.org\/index.php\/wp-json\/wp\/v2\/media?parent=5728"}],"wp:term":[{"taxonomy":"category","embeddable":true,"href":"http:\/\/fundaciolluiscoromina.org\/index.php\/wp-json\/wp\/v2\/categories?post=5728"},{"taxonomy":"post_tag","embeddable":true,"href":"http:\/\/fundaciolluiscoromina.org\/index.php\/wp-json\/wp\/v2\/tags?post=5728"}],"curies":[{"name":"wp","href":"https:\/\/api.w.org\/{rel}","templated":true}]}}