{"id":573,"date":"2011-05-17T03:40:08","date_gmt":"2011-05-17T03:40:08","guid":{"rendered":"http:\/\/espaieatart.wordpress.com\/?p=573"},"modified":"2011-05-17T03:40:08","modified_gmt":"2011-05-17T03:40:08","slug":"lluis-gendrau-director-del-grup-enderrock-inaugura-lexposicio-basat-en-pastilles-juanola-del-festival-de-la-veu-de-banyoles-aphonica","status":"publish","type":"post","link":"http:\/\/fundaciolluiscoromina.org\/index.php\/2011\/05\/17\/lluis-gendrau-director-del-grup-enderrock-inaugura-lexposicio-basat-en-pastilles-juanola-del-festival-de-la-veu-de-banyoles-aphonica\/","title":{"rendered":"Llu\u00eds Gendrau, director del grup Enderrock, inaugura l&#8217;exposici\u00f3 basada en pastilles Juanola del festival (a)ph\u00f2nica"},"content":{"rendered":"<p><a href=\"http:\/\/espaieatart.files.wordpress.com\/2011\/05\/expo-targetomail-p.jpg\"><img loading=\"lazy\" decoding=\"async\" class=\"alignleft size-full wp-image-520\" title=\"Expo-targeto-T.fh11\" src=\"http:\/\/espaieatart.files.wordpress.com\/2011\/05\/expo-targetomail-p.jpg\" alt=\"\" width=\"640\" height=\"627\" \/><\/a><\/p>\n","protected":false},"excerpt":{"rendered":"","protected":false},"author":1,"featured_media":520,"comment_status":"open","ping_status":"open","sticky":false,"template":"","format":"standard","meta":{"footnotes":""},"categories":[9],"tags":[],"class_list":["post-573","post","type-post","status-publish","format-standard","has-post-thumbnail","hentry","category-historic"],"_links":{"self":[{"href":"http:\/\/fundaciolluiscoromina.org\/index.php\/wp-json\/wp\/v2\/posts\/573","targetHints":{"allow":["GET"]}}],"collection":[{"href":"http:\/\/fundaciolluiscoromina.org\/index.php\/wp-json\/wp\/v2\/posts"}],"about":[{"href":"http:\/\/fundaciolluiscoromina.org\/index.php\/wp-json\/wp\/v2\/types\/post"}],"author":[{"embeddable":true,"href":"http:\/\/fundaciolluiscoromina.org\/index.php\/wp-json\/wp\/v2\/users\/1"}],"replies":[{"embeddable":true,"href":"http:\/\/fundaciolluiscoromina.org\/index.php\/wp-json\/wp\/v2\/comments?post=573"}],"version-history":[{"count":0,"href":"http:\/\/fundaciolluiscoromina.org\/index.php\/wp-json\/wp\/v2\/posts\/573\/revisions"}],"wp:attachment":[{"href":"http:\/\/fundaciolluiscoromina.org\/index.php\/wp-json\/wp\/v2\/media?parent=573"}],"wp:term":[{"taxonomy":"category","embeddable":true,"href":"http:\/\/fundaciolluiscoromina.org\/index.php\/wp-json\/wp\/v2\/categories?post=573"},{"taxonomy":"post_tag","embeddable":true,"href":"http:\/\/fundaciolluiscoromina.org\/index.php\/wp-json\/wp\/v2\/tags?post=573"}],"curies":[{"name":"wp","href":"https:\/\/api.w.org\/{rel}","templated":true}]}}