{"id":5734,"date":"2022-09-01T11:52:20","date_gmt":"2022-09-01T09:52:20","guid":{"rendered":"http:\/\/www.fundaciolluiscoromina.org\/?p=5734"},"modified":"2022-09-01T11:52:20","modified_gmt":"2022-09-01T09:52:20","slug":"lexposicio-art-i-paraula-arriba-a-lespai-isern-dalmau-de-barcelona","status":"publish","type":"post","link":"http:\/\/fundaciolluiscoromina.org\/index.php\/2022\/09\/01\/lexposicio-art-i-paraula-arriba-a-lespai-isern-dalmau-de-barcelona\/","title":{"rendered":"L\u2019exposici\u00f3 &#8216;Art i Paraula&#8217; arriba a l\u2019Espai Isern Dalmau de Barcelona"},"content":{"rendered":"<p>L\u2019Espai Isern Dalmau de la Fundaci\u00f3 Llu\u00eds Coromina acull l\u2019exposici\u00f3 <em>Art i Paraula<\/em>, una mostra itinerant d\u2019art contemporani i poesia catalana que es va presentar el novembre de 2021 a la Factoria Cultural de Terrassa, i que aquest dijous 8 de setembre (19 h) es presentar\u00e0 per primera vegada a Barcelona. Amb l\u2019objectiu de donar a con\u00e8ixer els vincles existents entre diversos artistes de Catalunya, l\u2019exposici\u00f3 \u00e9s un recorregut que explora les obres de diversos poetes i creadors visuals de diferents generacions i llenguatges de la cultura catalana, com Salvador Espriu, Francesca Llopis, Joan Oliver, Am\u00e8lia Riera, Guinovart o Maria Merc\u00e8 Mar\u00e7al, entre molts altres.<\/p>\n<p>La mostra <em>Art i Paraula \/ 11 artistes i 11 poetes<\/em> busca trobar els l\u00edmits entre el poema visual i el poema literari a trav\u00e9s de les mirades d\u2019onze artistes visuals, que dialoguen amb les obres de poetes com Ausi\u00e0s March, Salvador Espriu o J. V. Estell\u00e9s, entre molts altres. Comissariada per Fina Duran, Jes\u00fas Gald\u00f3n i Martina Morittu, la mostra compta el suport de la Fundaci\u00f3 Josep Guinovart, la Fundaci\u00f3 Fel\u00edcia Fuster, \u00d2mnium Cultural i la Instituci\u00f3 de les Lletres Catalanes de la Generalitat de Catalunya.<\/p>\n<p>L\u2019exposici\u00f3, que obrir\u00e0 cam\u00ed a noves creacions per tal de donar joc a la seva itiner\u00e0ncia, vol promoure les obres d\u2019alguns dels representants m\u00e9s destacats de l\u2019art i la poesia de Catalunya, i apropar aquestes dues vessants art\u00edstiques a nous p\u00fablics. La inauguraci\u00f3 a l\u2019Espai Isern Dalmau de Barcelona tindr\u00e0 lloc el pr\u00f2xim dijous 8 de setembre (19 h), i la mostra es podr\u00e0 visitar fins al dissabte 29 d\u2019octubre al mateix espai, de dimarts a divendres de 17 h a 20 h, i dissabtes de 10 h a 13 h.<\/p>\n","protected":false},"excerpt":{"rendered":"<p>L\u2019Espai Isern Dalmau de la Fundaci\u00f3 Llu\u00eds Coromina acull l\u2019exposici\u00f3 Art i Paraula, una mostra itinerant d\u2019art contemporani i poesia &#8230;<\/p>\n","protected":false},"author":2,"featured_media":5491,"comment_status":"open","ping_status":"open","sticky":false,"template":"","format":"standard","meta":{"footnotes":""},"categories":[14,15,10,228,12],"tags":[],"class_list":["post-5734","post","type-post","status-publish","format-standard","has-post-thumbnail","hentry","category-accions-culturals","category-accions-socials","category-activitats","category-exposicions-espai-isern-dalmau","category-publicacions"],"_links":{"self":[{"href":"http:\/\/fundaciolluiscoromina.org\/index.php\/wp-json\/wp\/v2\/posts\/5734","targetHints":{"allow":["GET"]}}],"collection":[{"href":"http:\/\/fundaciolluiscoromina.org\/index.php\/wp-json\/wp\/v2\/posts"}],"about":[{"href":"http:\/\/fundaciolluiscoromina.org\/index.php\/wp-json\/wp\/v2\/types\/post"}],"author":[{"embeddable":true,"href":"http:\/\/fundaciolluiscoromina.org\/index.php\/wp-json\/wp\/v2\/users\/2"}],"replies":[{"embeddable":true,"href":"http:\/\/fundaciolluiscoromina.org\/index.php\/wp-json\/wp\/v2\/comments?post=5734"}],"version-history":[{"count":0,"href":"http:\/\/fundaciolluiscoromina.org\/index.php\/wp-json\/wp\/v2\/posts\/5734\/revisions"}],"wp:attachment":[{"href":"http:\/\/fundaciolluiscoromina.org\/index.php\/wp-json\/wp\/v2\/media?parent=5734"}],"wp:term":[{"taxonomy":"category","embeddable":true,"href":"http:\/\/fundaciolluiscoromina.org\/index.php\/wp-json\/wp\/v2\/categories?post=5734"},{"taxonomy":"post_tag","embeddable":true,"href":"http:\/\/fundaciolluiscoromina.org\/index.php\/wp-json\/wp\/v2\/tags?post=5734"}],"curies":[{"name":"wp","href":"https:\/\/api.w.org\/{rel}","templated":true}]}}