{"id":5739,"date":"2022-09-14T15:38:48","date_gmt":"2022-09-14T13:38:48","guid":{"rendered":"http:\/\/www.fundaciolluiscoromina.org\/?p=5739"},"modified":"2022-09-14T15:38:48","modified_gmt":"2022-09-14T13:38:48","slug":"nou-treball-artistic-del-xupet-negre-a-lespai-isern-dalmau-de-barcelona","status":"publish","type":"post","link":"http:\/\/fundaciolluiscoromina.org\/index.php\/2022\/09\/14\/nou-treball-artistic-del-xupet-negre-a-lespai-isern-dalmau-de-barcelona\/","title":{"rendered":"Nou treball art\u00edstic del Xupet Negre a l&#8217;Espai Isern Dalmau de Barcelona"},"content":{"rendered":"<p>L&#8217;artista Xupet Negre ha realitzat un treball art\u00edstic a la persiana exterior de l\u2019Espai Isern Dalmau de la Fundaci\u00f3 Llu\u00eds Coromina, de Barcelona. La idea del disseny ve donada pels colors corporatius de la Fundaci\u00f3 i el negre de fons de la persiana. La composici\u00f3 final neix de la combinaci\u00f3 de diversos elements: els logotips, el nom de la Fundaci\u00f3 i personatges i s\u00edmbols caracter\u00edstics de la seva obra. Segons comenta l\u2019artista: \u201cHe volgut omplir l&#8217;obra d&#8217;elements perqu\u00e8 la gent no pinti a sobre, per\u00f2 jugant amb els elements per deixar aire a la composici\u00f3\u201d. El resultat \u00e9s un tra\u00e7 de color molt viu sobre el sobri fons negre, que en ressalta tot el disseny.<\/p>\n","protected":false},"excerpt":{"rendered":"<p>L&#8217;artista Xupet Negre ha realitzat un treball art\u00edstic a la persiana exterior de l\u2019Espai Isern Dalmau de la Fundaci\u00f3 Llu\u00eds &#8230;<\/p>\n","protected":false},"author":2,"featured_media":5740,"comment_status":"open","ping_status":"open","sticky":false,"template":"","format":"standard","meta":{"footnotes":""},"categories":[228],"tags":[],"class_list":["post-5739","post","type-post","status-publish","format-standard","has-post-thumbnail","hentry","category-exposicions-espai-isern-dalmau"],"_links":{"self":[{"href":"http:\/\/fundaciolluiscoromina.org\/index.php\/wp-json\/wp\/v2\/posts\/5739","targetHints":{"allow":["GET"]}}],"collection":[{"href":"http:\/\/fundaciolluiscoromina.org\/index.php\/wp-json\/wp\/v2\/posts"}],"about":[{"href":"http:\/\/fundaciolluiscoromina.org\/index.php\/wp-json\/wp\/v2\/types\/post"}],"author":[{"embeddable":true,"href":"http:\/\/fundaciolluiscoromina.org\/index.php\/wp-json\/wp\/v2\/users\/2"}],"replies":[{"embeddable":true,"href":"http:\/\/fundaciolluiscoromina.org\/index.php\/wp-json\/wp\/v2\/comments?post=5739"}],"version-history":[{"count":0,"href":"http:\/\/fundaciolluiscoromina.org\/index.php\/wp-json\/wp\/v2\/posts\/5739\/revisions"}],"wp:attachment":[{"href":"http:\/\/fundaciolluiscoromina.org\/index.php\/wp-json\/wp\/v2\/media?parent=5739"}],"wp:term":[{"taxonomy":"category","embeddable":true,"href":"http:\/\/fundaciolluiscoromina.org\/index.php\/wp-json\/wp\/v2\/categories?post=5739"},{"taxonomy":"post_tag","embeddable":true,"href":"http:\/\/fundaciolluiscoromina.org\/index.php\/wp-json\/wp\/v2\/tags?post=5739"}],"curies":[{"name":"wp","href":"https:\/\/api.w.org\/{rel}","templated":true}]}}