{"id":5745,"date":"2022-09-26T11:23:59","date_gmt":"2022-09-26T09:23:59","guid":{"rendered":"http:\/\/www.fundaciolluiscoromina.org\/?p=5745"},"modified":"2022-09-26T11:23:59","modified_gmt":"2022-09-26T09:23:59","slug":"paraula-viva-espectacle-de-dansa-en-el-marc-de-lexposicio-art-i-paraula-a-lespai-isern-dalmau","status":"publish","type":"post","link":"http:\/\/fundaciolluiscoromina.org\/index.php\/2022\/09\/26\/paraula-viva-espectacle-de-dansa-en-el-marc-de-lexposicio-art-i-paraula-a-lespai-isern-dalmau\/","title":{"rendered":"\u2018Paraula Viva\u2019, espectacle de dansa en el marc de l\u2019exposici\u00f3 \u2018Art i Paraula\u2019"},"content":{"rendered":"<p>El pr\u00f2xim dijous 29 de setembre, l\u2019Espai Isern Dalmau acollir\u00e0 l\u2019espectacle de dansa i veu <em>Paraula Viva<\/em>, en el marc de l\u2019exposici\u00f3 <em>Art i Paraula<\/em>. Interpretat per la cantant Neus Borrell i la ballarina Mireia de Querol, <em>Paraula Viva<\/em> \u00e9s un di\u00e0leg entre veu i cos, creat a partir dels textos de tres poetesses que formen part de la mostra d\u2019art contemporani i poesia catalana que es pot visitar a l\u2019espai de la Fundaci\u00f3 Llu\u00eds Coromina de Barcelona. En aquesta proposta, les dues artistes donen una nova vida als versos de Maria Merc\u00e8 Mar\u00e7al, Fel\u00edcia Fuster i \u00c0ngels Moreno, i tradueixen les paraules, idees i conceptes a trav\u00e9s del llenguatge vibratori de la veu i el cos. L\u2019espectacle, que tindr\u00e0 lloc a la sala d\u2019exposicions de l\u2019Espai Isern Dalmau a les 19 h, \u00e9s obert al p\u00fablic i compta amb la col\u00b7laboraci\u00f3 d\u2019\u00d2mnium Cultural Terrassa.<\/p>\n<p><iframe loading=\"lazy\" title=\"YouTube video player\" src=\"https:\/\/www.youtube.com\/embed\/eY6Wf1-fuTE\" width=\"560\" height=\"315\" frameborder=\"0\" allowfullscreen=\"allowfullscreen\"><\/iframe><\/p>\n<p>M\u00e9s informaci\u00f3 de la mostra itinerant <em>Art i Paraula<\/em>, que es pot visitar fins al 29 d\u2019octubre, <a href=\"http:\/\/www.fundaciolluiscoromina.org\/lexposicio-art-i-paraula-arriba-a-lespai-isern-dalmau-de-barcelona\/\">en aquest enlla\u00e7.<\/a><\/p>\n","protected":false},"excerpt":{"rendered":"<p>El pr\u00f2xim dijous 29 de setembre, l\u2019Espai Isern Dalmau acollir\u00e0 l\u2019espectacle de dansa i veu Paraula Viva, en el marc &#8230;<\/p>\n","protected":false},"author":2,"featured_media":5746,"comment_status":"open","ping_status":"open","sticky":false,"template":"","format":"standard","meta":{"footnotes":""},"categories":[14,10,228,9,12],"tags":[],"class_list":["post-5745","post","type-post","status-publish","format-standard","has-post-thumbnail","hentry","category-accions-culturals","category-activitats","category-exposicions-espai-isern-dalmau","category-historic","category-publicacions"],"_links":{"self":[{"href":"http:\/\/fundaciolluiscoromina.org\/index.php\/wp-json\/wp\/v2\/posts\/5745","targetHints":{"allow":["GET"]}}],"collection":[{"href":"http:\/\/fundaciolluiscoromina.org\/index.php\/wp-json\/wp\/v2\/posts"}],"about":[{"href":"http:\/\/fundaciolluiscoromina.org\/index.php\/wp-json\/wp\/v2\/types\/post"}],"author":[{"embeddable":true,"href":"http:\/\/fundaciolluiscoromina.org\/index.php\/wp-json\/wp\/v2\/users\/2"}],"replies":[{"embeddable":true,"href":"http:\/\/fundaciolluiscoromina.org\/index.php\/wp-json\/wp\/v2\/comments?post=5745"}],"version-history":[{"count":0,"href":"http:\/\/fundaciolluiscoromina.org\/index.php\/wp-json\/wp\/v2\/posts\/5745\/revisions"}],"wp:attachment":[{"href":"http:\/\/fundaciolluiscoromina.org\/index.php\/wp-json\/wp\/v2\/media?parent=5745"}],"wp:term":[{"taxonomy":"category","embeddable":true,"href":"http:\/\/fundaciolluiscoromina.org\/index.php\/wp-json\/wp\/v2\/categories?post=5745"},{"taxonomy":"post_tag","embeddable":true,"href":"http:\/\/fundaciolluiscoromina.org\/index.php\/wp-json\/wp\/v2\/tags?post=5745"}],"curies":[{"name":"wp","href":"https:\/\/api.w.org\/{rel}","templated":true}]}}