{"id":5750,"date":"2022-09-28T16:08:14","date_gmt":"2022-09-28T14:08:14","guid":{"rendered":"http:\/\/www.fundaciolluiscoromina.org\/?p=5750"},"modified":"2022-09-28T16:08:14","modified_gmt":"2022-09-28T14:08:14","slug":"lexposicio-fotografica-curarte-de-tino-soriano-arriba-a-lhospital-doctor-josep-trueta-de-girona","status":"publish","type":"post","link":"http:\/\/fundaciolluiscoromina.org\/index.php\/2022\/09\/28\/lexposicio-fotografica-curarte-de-tino-soriano-arriba-a-lhospital-doctor-josep-trueta-de-girona\/","title":{"rendered":"L\u2019exposici\u00f3 fotogr\u00e0fica \u2018CurArt\u2019 de Tino Soriano arriba a l\u2019hospital Doctor Josep Trueta de Girona"},"content":{"rendered":"<p>El fot\u00f2graf Tino Soriano presenta l\u2019exposici\u00f3 <em>CurArt<\/em>\u00a0a l\u2019Hospital Universitari Doctor Josep Trueta, amb la col\u00b7laboraci\u00f3 de la Fundaci\u00f3 Llu\u00eds Coromina, que ha participat en la coproducci\u00f3 de la mostra, i de Bonart Cultural. La inauguraci\u00f3 tindr\u00e0 lloc el pr\u00f2xim <strong>dimarts 4 d\u2019octubre a les 11 h<\/strong>. L\u2019exposici\u00f3, que es tracta d\u2019un reportatge fotogr\u00e0fic realitzat durant les \u00faltimes quatre d\u00e8cades i \u00e9s un homenatge als professionals del m\u00f3n de la medicina i la sanitat, es podr\u00e0 visitar fins al dissabte 3 de desembre al <em>hall<\/em> de la sala d\u2019actes de l\u2019hospital.<\/p>\n<p>L\u2019exposici\u00f3 <em>CurArt<\/em>\u00a0\u00e9s un recull d\u2019imatges realitzades per Tino Soriano, reconegut fot\u00f2graf vinculat a la Fundaci\u00f3 Llu\u00eds Coromina. La mostra, que posa en relleu l\u2019art de curar, i dona visibilitat a l\u2019esfor\u00e7 i la const\u00e0ncia dels professionals del m\u00f3n sanitari, \u00e9s tamb\u00e9 un retrat de les viv\u00e8ncies i situacions de diversos \u00e0mbits de la medicina, com ara les visites domicili\u00e0ries, la feina dels metges rurals, els serveis d&#8217;emerg\u00e8ncies, i moltes altres facetes que tot sovint queden invisibilitzades. Iniciada fa quaranta anys a l\u2019Institut Mental de Barcelona i finalitzada durant la crisi sanit\u00e0ria de la Covid, l\u2019exposici\u00f3 de Soriano recull imatges de diversos moments d\u2019alguns espais sanitaris del pa\u00eds,\u00a0 i visibilitza situacions com naixements, defuncions o operacions quir\u00f2fans, aix\u00ed com l\u2019\u00fas de les noves tecnologies o el tractament de pacients amb malalties greus, entre d\u2019altres . \u201cCurar \u00e9s un art i cuidar la salut tamb\u00e9\u201d, explica Soriano, que amb aquesta mostra ha volgut realitzar un homenatge i un agra\u00efment a tot el col\u00b7lectiu de professionals sanitaris del pa\u00eds.<\/p>\n<p>La mostra de fotografies <em>CurArt<\/em>, que s\u2019inaugurar\u00e0 el pr\u00f2xim dimarts 4 d\u2019octubre a les 11 h al hall de la sala d\u2019actes de l\u2019Hospital Universitari Doctor Josep Trueta, <strong>es podr\u00e0 visitar fins al 3 de desembre<\/strong>\u00a0a l\u2019espai sanitari giron\u00ed, en horari obert.<\/p>\n<p>&nbsp;<\/p>\n<p><strong>Tino Soriano<\/strong><\/p>\n<p>Guardonat per la UNESCO, Tino Soriano \u00e9s un fot\u00f2graf vinculat a la Fundaci\u00f3 Llu\u00eds Coromina que ha estat premiat per l\u2019Organitzaci\u00f3 Mundial de la Salut i per l\u2019Acad\u00e8mia de Ci\u00e8ncies M\u00e8diques de Catalunya i Balears, entre d\u2019altres, gr\u00e0cies als seus reportatges fotogr\u00e0fics i la seva tasca divulgativa en el m\u00f3n de la sanitat. Ha treballat como a fot\u00f2graf en dotzenes d\u2019hospitals de tot el m\u00f3n i ha col\u00b7laborat amb diverses entitats m\u00e8diques, amb l\u2019objectiu de documentar amb espontane\u00eftat uns espais que s\u00f3n de dif\u00edcil acc\u00e9s per a les c\u00e0meres fotogr\u00e0fiques. A dia d\u2019avui, Tino Soriano treballa en un projecte sobre medicina tradicional a diversos pa\u00efsos amb National Geographic, on hi col\u00b7labora des de fa m\u00e9s de vint anys.<\/p>\n","protected":false},"excerpt":{"rendered":"<p>El fot\u00f2graf Tino Soriano presenta l\u2019exposici\u00f3 CurArt\u00a0a l\u2019Hospital Universitari Doctor Josep Trueta, amb la col\u00b7laboraci\u00f3 de la Fundaci\u00f3 Llu\u00eds Coromina, &#8230;<\/p>\n","protected":false},"author":2,"featured_media":5751,"comment_status":"open","ping_status":"open","sticky":false,"template":"","format":"standard","meta":{"footnotes":""},"categories":[14,15,10,11,9,12],"tags":[],"class_list":["post-5750","post","type-post","status-publish","format-standard","has-post-thumbnail","hentry","category-accions-culturals","category-accions-socials","category-activitats","category-educacio-2","category-historic","category-publicacions"],"_links":{"self":[{"href":"http:\/\/fundaciolluiscoromina.org\/index.php\/wp-json\/wp\/v2\/posts\/5750","targetHints":{"allow":["GET"]}}],"collection":[{"href":"http:\/\/fundaciolluiscoromina.org\/index.php\/wp-json\/wp\/v2\/posts"}],"about":[{"href":"http:\/\/fundaciolluiscoromina.org\/index.php\/wp-json\/wp\/v2\/types\/post"}],"author":[{"embeddable":true,"href":"http:\/\/fundaciolluiscoromina.org\/index.php\/wp-json\/wp\/v2\/users\/2"}],"replies":[{"embeddable":true,"href":"http:\/\/fundaciolluiscoromina.org\/index.php\/wp-json\/wp\/v2\/comments?post=5750"}],"version-history":[{"count":0,"href":"http:\/\/fundaciolluiscoromina.org\/index.php\/wp-json\/wp\/v2\/posts\/5750\/revisions"}],"wp:attachment":[{"href":"http:\/\/fundaciolluiscoromina.org\/index.php\/wp-json\/wp\/v2\/media?parent=5750"}],"wp:term":[{"taxonomy":"category","embeddable":true,"href":"http:\/\/fundaciolluiscoromina.org\/index.php\/wp-json\/wp\/v2\/categories?post=5750"},{"taxonomy":"post_tag","embeddable":true,"href":"http:\/\/fundaciolluiscoromina.org\/index.php\/wp-json\/wp\/v2\/tags?post=5750"}],"curies":[{"name":"wp","href":"https:\/\/api.w.org\/{rel}","templated":true}]}}