{"id":5764,"date":"2022-10-11T11:33:00","date_gmt":"2022-10-11T09:33:00","guid":{"rendered":"http:\/\/www.fundaciolluiscoromina.org\/?p=5764"},"modified":"2022-10-11T11:33:00","modified_gmt":"2022-10-11T09:33:00","slug":"el-puntal-laboratori-de-les-arts-de-banyoles-acull-la-primera-sessio-dagora-un-espai-de-debat-democratic-impulsat-per-la-fundacio-catalunya-europa","status":"publish","type":"post","link":"http:\/\/fundaciolluiscoromina.org\/index.php\/2022\/10\/11\/el-puntal-laboratori-de-les-arts-de-banyoles-acull-la-primera-sessio-dagora-un-espai-de-debat-democratic-impulsat-per-la-fundacio-catalunya-europa\/","title":{"rendered":"El Puntal \u2013 Laboratori de les Arts de Banyoles acull la primera sessi\u00f3 d\u2019\u00c0GORA, un espai de debat democr\u00e0tic impulsat per la Fundaci\u00f3 Catalunya Europa"},"content":{"rendered":"<p>El Puntal \u2013 Laboratori de les Arts de Banyoles ha acollit la primera sessi\u00f3 de debat democr\u00e0tic \u00c0GORA, organitzada per la Fundaci\u00f3 Catalunya Europa (FCE). Amb la col\u00b7laboraci\u00f3 de la Fundaci\u00f3 Llu\u00eds Coromina i el suport de La Casa dels Cl\u00e0ssics, l\u2019Institut Catal\u00e0 Internacional per la Pau (ICIP) i la Diputaci\u00f3 de Girona, la jornada s\u2019ha centrat en els textos de l\u2019obra <em>La Ira<\/em> de S\u00e8neca, i ha propiciat la reflexi\u00f3 i debat sobre l\u2019individu, la societat i la pol\u00edtica actual. La trobada, que ha comptat amb la participaci\u00f3 d\u2019una vintena de persones, ha estat condu\u00efda per Pau Mas, director de la FCE; Kristian Herbolzheimer, director de l\u2019ICIP, i Ra\u00fcl Garrigasait, president de La Casa dels Cl\u00e0ssics.<\/p>\n<p>L\u2019espai de debat democr\u00e0tic \u00c0GORA t\u00e9 com a objectiu el desenvolupament d\u2019una cultura pol\u00edtica democr\u00e0tica a Catalunya, a trav\u00e9s del foment del di\u00e0leg, de la millora de la qualitat del debat p\u00fablic i de l\u2019enfortiment dels valors c\u00edvics i de les compet\u00e8ncies pol\u00edtiques de la ciutadania. Nascuda amb l\u2019objectiu d\u2019habilitar un espai de trobada entre persones amb diversitat de posicions ideol\u00f2giques i pol\u00edtiques, la iniciativa \u00c0GORA s\u2019ha impulsat amb la finalitat de fomentar el debat constructiu, de millorar el clima social i pol\u00edtic del pa\u00eds i, en \u00faltima inst\u00e0ncia, d\u2019enfortir els valors ciutadans i la democr\u00e0cia.<\/p>\n<div id=\"attachment_5765\" style=\"width: 477px\" class=\"wp-caption alignnone\"><a href=\"http:\/\/www.fundaciolluiscoromina.org\/wp-content\/uploads\/2022\/10\/A\u0300gora-Fund-Cat-Europa-030.jpg\"><img loading=\"lazy\" decoding=\"async\" aria-describedby=\"caption-attachment-5765\" class=\"wp-image-5765 \" src=\"http:\/\/www.fundaciolluiscoromina.org\/wp-content\/uploads\/2022\/10\/A\u0300gora-Fund-Cat-Europa-030-e1665480750532-1024x679.jpg\" alt=\"\" width=\"467\" height=\"309\" \/><\/a><p id=\"caption-attachment-5765\" class=\"wp-caption-text\">Pere Duran\/ Nord Media<\/p><\/div>\n<p>La primera jornada d\u2019\u00c0GORA, que s\u2019ha realitzat el dissabte 1 d\u2019octubre a l\u2019espai El Puntal \u2013 Laboratori de les Arts de la Fundaci\u00f3 Llu\u00eds Coromina durant tot el dia, ha tractat principalment sobre la situaci\u00f3 de l\u2019individu en l\u2019actualitat, aix\u00ed com altres conceptes de rellev\u00e0ncia com la societat, la llibertat o la pol\u00edtica, entre d\u2019altres. Durant els propers mesos est\u00e0 previst realitzar dues sessions m\u00e9s a l\u2019Espai Isern Dalmau de Barcelona, amb l\u2019objectiu de seguir reflexionant i debatent sobre altres conceptes d\u2019inter\u00e8s com la conviv\u00e8ncia, els vincles socials, la naci\u00f3 o l\u2019estat, entre d\u2019altres.<\/p>\n","protected":false},"excerpt":{"rendered":"<p>El Puntal \u2013 Laboratori de les Arts de Banyoles ha acollit la primera sessi\u00f3 de debat democr\u00e0tic \u00c0GORA, organitzada per &#8230;<\/p>\n","protected":false},"author":2,"featured_media":5766,"comment_status":"open","ping_status":"open","sticky":false,"template":"","format":"standard","meta":{"footnotes":""},"categories":[14,15,10,13,9,12],"tags":[],"class_list":["post-5764","post","type-post","status-publish","format-standard","has-post-thumbnail","hentry","category-accions-culturals","category-accions-socials","category-activitats","category-exposicions-puntal-lab","category-historic","category-publicacions"],"_links":{"self":[{"href":"http:\/\/fundaciolluiscoromina.org\/index.php\/wp-json\/wp\/v2\/posts\/5764","targetHints":{"allow":["GET"]}}],"collection":[{"href":"http:\/\/fundaciolluiscoromina.org\/index.php\/wp-json\/wp\/v2\/posts"}],"about":[{"href":"http:\/\/fundaciolluiscoromina.org\/index.php\/wp-json\/wp\/v2\/types\/post"}],"author":[{"embeddable":true,"href":"http:\/\/fundaciolluiscoromina.org\/index.php\/wp-json\/wp\/v2\/users\/2"}],"replies":[{"embeddable":true,"href":"http:\/\/fundaciolluiscoromina.org\/index.php\/wp-json\/wp\/v2\/comments?post=5764"}],"version-history":[{"count":0,"href":"http:\/\/fundaciolluiscoromina.org\/index.php\/wp-json\/wp\/v2\/posts\/5764\/revisions"}],"wp:attachment":[{"href":"http:\/\/fundaciolluiscoromina.org\/index.php\/wp-json\/wp\/v2\/media?parent=5764"}],"wp:term":[{"taxonomy":"category","embeddable":true,"href":"http:\/\/fundaciolluiscoromina.org\/index.php\/wp-json\/wp\/v2\/categories?post=5764"},{"taxonomy":"post_tag","embeddable":true,"href":"http:\/\/fundaciolluiscoromina.org\/index.php\/wp-json\/wp\/v2\/tags?post=5764"}],"curies":[{"name":"wp","href":"https:\/\/api.w.org\/{rel}","templated":true}]}}