{"id":5768,"date":"2022-10-17T10:16:18","date_gmt":"2022-10-17T08:16:18","guid":{"rendered":"http:\/\/www.fundaciolluiscoromina.org\/?p=5768"},"modified":"2022-10-17T10:16:18","modified_gmt":"2022-10-17T08:16:18","slug":"lluis-coromina-nou-membre-del-consell-de-mecenatge-de-la-fundacio-catalunya-cultura","status":"publish","type":"post","link":"http:\/\/fundaciolluiscoromina.org\/index.php\/2022\/10\/17\/lluis-coromina-nou-membre-del-consell-de-mecenatge-de-la-fundacio-catalunya-cultura\/","title":{"rendered":"Llu\u00eds Coromina, nou membre del Consell de Mecenatge de la Fundaci\u00f3 Catalunya Cultura"},"content":{"rendered":"<p>El president de la Fundaci\u00f3 Llu\u00eds Coromina s\u2019incorpora al Consell de Mecenatge de la Fundaci\u00f3 Catalunya Cultura, una plataforma nascuda per incentivar la col\u00b7laboraci\u00f3 entre el sector empresarial i l&#8217;\u00e0mbit de la creativitat, la innovaci\u00f3 i el patrimoni, amb l&#8217;objectiu de trobar noves formes de finan\u00e7ament que permetin impulsar nous projectes culturals.<\/p>\n<p>El Consell de Mecenatge, que \u00e9s un dels principals \u00f2rgans de govern de la Fundaci\u00f3 Catalunya Cultura, agrupa empreses i persones a t\u00edtol individual que participen en el finan\u00e7ament, assessorament\u00a0 i desenvolupament dels projectes de l\u2019entitat.\u00a0\u00a0D\u2019aquesta forma, les empreses i persones que integren el Consell tenen un reconegut prestigi en l\u2019\u00e0mbit social i cultural del pa\u00eds, i tamb\u00e9 comparteixen la voluntat de contribuir a la consecuci\u00f3 dels objectius de la Fundaci\u00f3 i tenen el convenciment del r\u00e8dit que suposa la inversi\u00f3 cultural per a la societat civil.<\/p>\n<p>Impulsada pel\u00a0Departament de Cultura de la Generalitat de Catalunya\u00a0i per un grup d&#8217;empreses de refer\u00e8ncia, amb la col\u00b7laboraci\u00f3 del\u00a0Consell Nacional de la Cultura i les Arts\u00a0(CoNCa) i l&#8217;Institut Catal\u00e0 de Finances, la Fundaci\u00f3 Catalunya Cultura integra nous membres cada any als seus \u00f2rgans de govern, amb l\u2019objectiu\u00a0 de consolidar aliances fermes entre el m\u00f3n de l\u2019empresa i la cultura, les quals s\u00f3n imprescindibles en benefici de la ciutadania. Per aquesta ra\u00f3, i tenint en compte que la col\u00b7laboraci\u00f3, la confian\u00e7a i el comprom\u00eds del sector empresarial envers la cultura \u00e9s cada cop m\u00e9s necess\u00e0ria i fonamental, la incorporaci\u00f3 de Llu\u00eds Coromina \u00e9s un valor afegit a aquest organisme que aposta per la promoci\u00f3 de la cultura, i la considera una font imprescindible de progr\u00e9s, futur i riquesa per a la societat actual.<\/p>\n","protected":false},"excerpt":{"rendered":"<p>El president de la Fundaci\u00f3 Llu\u00eds Coromina s\u2019incorpora al Consell de Mecenatge de la Fundaci\u00f3 Catalunya Cultura, una plataforma nascuda &#8230;<\/p>\n","protected":false},"author":2,"featured_media":5769,"comment_status":"open","ping_status":"open","sticky":false,"template":"","format":"standard","meta":{"footnotes":""},"categories":[9,12],"tags":[],"class_list":["post-5768","post","type-post","status-publish","format-standard","has-post-thumbnail","hentry","category-historic","category-publicacions"],"_links":{"self":[{"href":"http:\/\/fundaciolluiscoromina.org\/index.php\/wp-json\/wp\/v2\/posts\/5768","targetHints":{"allow":["GET"]}}],"collection":[{"href":"http:\/\/fundaciolluiscoromina.org\/index.php\/wp-json\/wp\/v2\/posts"}],"about":[{"href":"http:\/\/fundaciolluiscoromina.org\/index.php\/wp-json\/wp\/v2\/types\/post"}],"author":[{"embeddable":true,"href":"http:\/\/fundaciolluiscoromina.org\/index.php\/wp-json\/wp\/v2\/users\/2"}],"replies":[{"embeddable":true,"href":"http:\/\/fundaciolluiscoromina.org\/index.php\/wp-json\/wp\/v2\/comments?post=5768"}],"version-history":[{"count":0,"href":"http:\/\/fundaciolluiscoromina.org\/index.php\/wp-json\/wp\/v2\/posts\/5768\/revisions"}],"wp:attachment":[{"href":"http:\/\/fundaciolluiscoromina.org\/index.php\/wp-json\/wp\/v2\/media?parent=5768"}],"wp:term":[{"taxonomy":"category","embeddable":true,"href":"http:\/\/fundaciolluiscoromina.org\/index.php\/wp-json\/wp\/v2\/categories?post=5768"},{"taxonomy":"post_tag","embeddable":true,"href":"http:\/\/fundaciolluiscoromina.org\/index.php\/wp-json\/wp\/v2\/tags?post=5768"}],"curies":[{"name":"wp","href":"https:\/\/api.w.org\/{rel}","templated":true}]}}