{"id":5772,"date":"2022-10-18T17:08:24","date_gmt":"2022-10-18T15:08:24","guid":{"rendered":"http:\/\/www.fundaciolluiscoromina.org\/?p=5772"},"modified":"2025-07-29T12:54:25","modified_gmt":"2025-07-29T10:54:25","slug":"la-fira-del-llibre-de-frankfurt-acull-el-projecte-una-casa-per-a-walter-benjamin-a-portbou","status":"publish","type":"post","link":"http:\/\/fundaciolluiscoromina.org\/index.php\/2022\/10\/18\/la-fira-del-llibre-de-frankfurt-acull-el-projecte-una-casa-per-a-walter-benjamin-a-portbou\/","title":{"rendered":"La Fira del Llibre de Frankfurt acull el projecte \u2018Una casa per a Walter Benjamin a Portbou\u2019"},"content":{"rendered":"<p>El projecte <em>Una casa per a Walter Benjamin a Portbou<\/em>, impulsat per la Fundaci\u00f3 Angelus Novus i l\u2019Ajuntament de Portbou, s\u2019ha presentat avui a la Fira del Llibre de Frankfurt un dels esdeveniments m\u00e9s importants del sector cultural europeu. La proposta, que ha comptat amb el patrocini dels Ferrocarrils de la Generalitat de Catalunya (FGC) i la coproducci\u00f3 de la Fundaci\u00f3 Llu\u00eds Coromina i Bonart Cultural, s\u2019exhibir\u00e0 durant els propers dies a Alemanya en format d\u2019exposici\u00f3 gr\u00e0cies al finan\u00e7ament del Ministeri de Cultura i Esport espanyol.<\/p>\n<p>Inspirat en el municipi de Portbou, lloc on el pensador alemany es va su\u00efcidar i on hi ha una de les escultures m\u00e9s importants del sud d\u2019Europa, de l&#8217;escultor Dani Karavan, el projecte <em>Una casa per a Walter Benjamin a Portbou<\/em> es va inaugurar per primer cop a l\u2019estaci\u00f3 de trens de la vila costanera. Posteriorment, la mostra va passar per l\u2019Espai Isern Dalmau de la Fundaci\u00f3 Llu\u00eds Coromina, a Barcelona, i ara arriba a Frankfurt de la m\u00e0 del Ministeri de Cultura i Esport del govern d\u2019Espanya, que enguany \u00e9s el pa\u00eds convidat a la reconeguda fira del llibre alemanya. La mostra, creada sota la curadoria dels cr\u00edtics d\u2019art Pilar Parcerisas i Ricard Planas, i la col\u00b7laboraci\u00f3 de l\u2019escriptor Carles Duarte, posa en relleu tota la tasca que s\u2019ha desenvolupat durant d\u00e8cades per difondre la figura del fil\u00f2sof i escriptor, impulsada per diversos agents com l\u2019Associaci\u00f3 Passatges i el Museu Memorial de l\u2019Exili, entre d&#8217;altres, i que ha arribat fins a l\u2019avantprojecte dels arquitectes Joan Falgueras i Jordi Pigem. La proposta, que s\u2019exhibeix a la capital financera alemanya, t\u00e9 un disseny innovador i disposa de vuit plafons amb tota classe de documentaci\u00f3 sobre les relacions entre Walter Benjamin i el poble de l&#8217;Alt Empord\u00e0, aix\u00ed com dels esquemes del futur espai. Aix\u00ed mateix, a la mostra de Frankfurt s&#8217;hi han incorporat les maquetes del futur centre, aix\u00ed com un v\u00eddeo enregistrat l\u2019any 2015 amb una conversa entre el cineasta Wim Wenders i l\u2019escultor Dani Karavan, en la qual els dos autors de renom internacional reflexionen sobre la influ\u00e8ncia de Benjamin en el seu treball.<\/p>\n<p>M\u00e9s informaci\u00f3 sobre el projecte i l&#8217;exposici\u00f3\u00a0<em>Una casa per a Walter Benjamin a Portbou<\/em>\u00a0<a href=\"http:\/\/www.fundaciolluiscoromina.org\/lexposicio-una-casa-per-a-walter-benjamin-a-lespai-isern-dalmau\/\">en aquest enlla\u00e7<\/a>.<\/p>\n","protected":false},"excerpt":{"rendered":"<p>El projecte Una casa per a Walter Benjamin a Portbou, impulsat per la Fundaci\u00f3 Angelus Novus i l\u2019Ajuntament de Portbou, &#8230;<\/p>\n","protected":false},"author":2,"featured_media":5773,"comment_status":"closed","ping_status":"open","sticky":false,"template":"","format":"standard","meta":{"footnotes":""},"categories":[14,15,10,9,12],"tags":[],"class_list":["post-5772","post","type-post","status-publish","format-standard","has-post-thumbnail","hentry","category-accions-culturals","category-accions-socials","category-activitats","category-historic","category-publicacions"],"_links":{"self":[{"href":"http:\/\/fundaciolluiscoromina.org\/index.php\/wp-json\/wp\/v2\/posts\/5772","targetHints":{"allow":["GET"]}}],"collection":[{"href":"http:\/\/fundaciolluiscoromina.org\/index.php\/wp-json\/wp\/v2\/posts"}],"about":[{"href":"http:\/\/fundaciolluiscoromina.org\/index.php\/wp-json\/wp\/v2\/types\/post"}],"author":[{"embeddable":true,"href":"http:\/\/fundaciolluiscoromina.org\/index.php\/wp-json\/wp\/v2\/users\/2"}],"replies":[{"embeddable":true,"href":"http:\/\/fundaciolluiscoromina.org\/index.php\/wp-json\/wp\/v2\/comments?post=5772"}],"version-history":[{"count":1,"href":"http:\/\/fundaciolluiscoromina.org\/index.php\/wp-json\/wp\/v2\/posts\/5772\/revisions"}],"predecessor-version":[{"id":7010,"href":"http:\/\/fundaciolluiscoromina.org\/index.php\/wp-json\/wp\/v2\/posts\/5772\/revisions\/7010"}],"wp:attachment":[{"href":"http:\/\/fundaciolluiscoromina.org\/index.php\/wp-json\/wp\/v2\/media?parent=5772"}],"wp:term":[{"taxonomy":"category","embeddable":true,"href":"http:\/\/fundaciolluiscoromina.org\/index.php\/wp-json\/wp\/v2\/categories?post=5772"},{"taxonomy":"post_tag","embeddable":true,"href":"http:\/\/fundaciolluiscoromina.org\/index.php\/wp-json\/wp\/v2\/tags?post=5772"}],"curies":[{"name":"wp","href":"https:\/\/api.w.org\/{rel}","templated":true}]}}