{"id":5780,"date":"2022-11-03T13:28:19","date_gmt":"2022-11-03T12:28:19","guid":{"rendered":"http:\/\/www.fundaciolluiscoromina.org\/?p=5780"},"modified":"2025-07-29T12:54:24","modified_gmt":"2025-07-29T10:54:24","slug":"lespai-isern-dalmau-acull-lexposicio-sempre-amb-les-veles-suspeses-de-lartista-catala-jordi-maragall","status":"publish","type":"post","link":"http:\/\/fundaciolluiscoromina.org\/index.php\/2022\/11\/03\/lespai-isern-dalmau-acull-lexposicio-sempre-amb-les-veles-suspeses-de-lartista-catala-jordi-maragall\/","title":{"rendered":"L\u2019Espai Isern Dalmau acull l\u2019exposici\u00f3 \u2018Sempre amb les veles suspeses\u2019 de l\u2019artista catal\u00e0 Jordi Maragall  \u00a0"},"content":{"rendered":"<p>La Fundaci\u00f3 Llu\u00eds Coromina presenta l\u2019exposici\u00f3 <em>Sempre amb les veles suspeses,<\/em> del pintor catal\u00e0 Jordi Maragall, n\u00e9t del poeta Joan Maragall. La mostra, que <strong>s\u2019inaugurar\u00e0 el pr\u00f2xim dijous 10 de novembre a les 19 h a l\u2019Espai Isern Dalmau<\/strong> de Barcelona, \u00e9s un recorregut per les etapes pict\u00f2riques m\u00e9s significatives de l\u2019artista, que ha donat lloc a una obra extensa i amb un segell personal inconfusible. L\u2019acte de presentaci\u00f3 comptar\u00e0 amb la participaci\u00f3 del propi artista, el seu germ\u00e0 Ernest Maragall, el comissari de la mostra Joan Gil i el president de la Fundaci\u00f3 Llu\u00eds Coromina, aix\u00ed com el director Ricard Planas.<\/p>\n<p><a href=\"http:\/\/www.fundaciolluiscoromina.org\/wp-content\/uploads\/2022\/11\/034.jpg\"><img loading=\"lazy\" decoding=\"async\" class=\"alignnone wp-image-5782\" src=\"http:\/\/www.fundaciolluiscoromina.org\/wp-content\/uploads\/2022\/11\/034-708x1024.jpg\" alt=\"\" width=\"275\" height=\"398\" \/><\/a><\/p>\n<p><em>Sempre amb les veles suspeses<\/em>, t\u00edtol extret del poema <em>Excelsior<\/em> del reconegut poeta Joan Maragall, \u00e9s una mostra que recull els moments vitals i art\u00edstics m\u00e9s rellevants del pintor Jordi Maragall. Amb l\u2019estil rom\u00e0nic com a referent, l\u2019exposici\u00f3 \u00e9s una mostra de llenguatges d\u2019expressi\u00f3 gestual i intensitat crom\u00e0tica, en qu\u00e8 tamb\u00e9 es poden veure refer\u00e8ncies de Georges Rouault i Giorgio Morandi, pintors admirats pel creador catal\u00e0. \u00a0Amb recursos i materials senzills, les seves composicions han anat derivant del tractament vapor\u00f3s a les pinzellades en\u00e8rgiques de colors intensos i una for\u00e7a inquietant, combinades amb obres d\u2019una extrema lleugeresa, que s\u2019alternen amb formes simb\u00f2liques i pintures m\u00e9s magm\u00e0tiques. Tot plegat, reflecteix les diverses etapes de la vida pict\u00f2rica de Maragall, que ha estat un anar i venir que ha obe\u00eft sempre a la seves necessitats vitals, percepcions i sentiments. Una obra que mostra la seva experi\u00e8ncia interior, des d\u2019on el pintor ha fet emergir la seva expressivitat desbordada i apas\u00adsionada, i en qu\u00e8 l\u2019art i la vida han estat enteses com un tot indis\u00adsoluble, marcat per les oposicions: ordre i desordre, quietud i agitaci\u00f3, gest i construcci\u00f3, emotivitat i meditaci\u00f3.<\/p>\n<p>Amb l\u2019objectiu de recon\u00e8ixer la seva obra i tota una vida consagrada a l\u2019art, la Fundaci\u00f3 Llu\u00eds Coromina presenta aquesta nova mostra a l\u2019Espai Isern Dalmau, en qu\u00e8 el pintor Jordi Maragall n\u2019\u00e9s el protagonista. L&#8217;exposici\u00f3 s&#8217;inaugurar\u00e0 el dijous 10 de novembre a les 19 h, i <strong>es podr\u00e0 visitar fins el dissabte 4 de mar\u00e7<\/strong>, en l\u2019horari habitual de visites: de dimarts a divendres de 17 h a 20 h, i dissabtes de 10 h a 13 h. L&#8217;\u00faltim dia de la mostra, es realitzar\u00e0 la presentaci\u00f3 del cat\u00e0leg de l&#8217;exposici\u00f3 al mateix espai (dissabte 4 de mar\u00e7 a les 18 h).<\/p>\n<p>&nbsp;<\/p>\n<p><strong>Biografia Jordi Maragall<\/strong><\/p>\n<p>Pintor de formaci\u00f3 culta, Jordi Maragall i Mira (Barcelona, 1936) \u00e9s membre d\u2019una important saga catalana d\u2019artistes i d\u2019intel\u00b7lectuals: fill de Jordi Maragall i Noble, n\u00e9t del poeta Joan Maragall i germ\u00e0 dels pol\u00edtics Ernest i Pasqual Maragall, la seva traject\u00f2ria, ha seguit una l\u00ednia molt personal al llarg dels quaranta anys de comprom\u00eds art\u00edstic. Dif\u00edcilment classificable, perqu\u00e8 no ressegueix un corrent determinat, el seu itinerari dona cabuda al realisme i a l\u2019abstracci\u00f3 en diferents moments del seu viatge pict\u00f2ric, en un anar i venir que obeeix a una necessitat vital. Una exist\u00e8ncia interior que lluita per fer emergir la seva expressivitat desbordada i apassionada, en la que art i vida configura un tot indissoluble.<\/p>\n<p>Ha passat per diverses etapes en les quals l\u2019expressionisme ha dominat amb m\u00e9s o menys intensitat, encara que sempre s\u2019hi manifesten -de manera latent- els valors constructius que parteixen del dibuix com a medi privilegiat de manifestaci\u00f3 directa i immediata, d\u2019experimentaci\u00f3 constant. Profund coneixedor de la hist\u00f2ria de l\u2019art i lector incansable, Jordi Maragall transita des d\u2019un art de ress\u00f2 primitivista a un vocabulari abstracte.<\/p>\n","protected":false},"excerpt":{"rendered":"<p>La Fundaci\u00f3 Llu\u00eds Coromina presenta l\u2019exposici\u00f3 Sempre amb les veles suspeses, del pintor catal\u00e0 Jordi Maragall, n\u00e9t del poeta Joan &#8230;<\/p>\n","protected":false},"author":2,"featured_media":5781,"comment_status":"closed","ping_status":"open","sticky":false,"template":"","format":"standard","meta":{"footnotes":""},"categories":[14,15,10,228,9,12],"tags":[],"class_list":["post-5780","post","type-post","status-publish","format-standard","has-post-thumbnail","hentry","category-accions-culturals","category-accions-socials","category-activitats","category-exposicions-espai-isern-dalmau","category-historic","category-publicacions"],"_links":{"self":[{"href":"http:\/\/fundaciolluiscoromina.org\/index.php\/wp-json\/wp\/v2\/posts\/5780","targetHints":{"allow":["GET"]}}],"collection":[{"href":"http:\/\/fundaciolluiscoromina.org\/index.php\/wp-json\/wp\/v2\/posts"}],"about":[{"href":"http:\/\/fundaciolluiscoromina.org\/index.php\/wp-json\/wp\/v2\/types\/post"}],"author":[{"embeddable":true,"href":"http:\/\/fundaciolluiscoromina.org\/index.php\/wp-json\/wp\/v2\/users\/2"}],"replies":[{"embeddable":true,"href":"http:\/\/fundaciolluiscoromina.org\/index.php\/wp-json\/wp\/v2\/comments?post=5780"}],"version-history":[{"count":1,"href":"http:\/\/fundaciolluiscoromina.org\/index.php\/wp-json\/wp\/v2\/posts\/5780\/revisions"}],"predecessor-version":[{"id":7009,"href":"http:\/\/fundaciolluiscoromina.org\/index.php\/wp-json\/wp\/v2\/posts\/5780\/revisions\/7009"}],"wp:attachment":[{"href":"http:\/\/fundaciolluiscoromina.org\/index.php\/wp-json\/wp\/v2\/media?parent=5780"}],"wp:term":[{"taxonomy":"category","embeddable":true,"href":"http:\/\/fundaciolluiscoromina.org\/index.php\/wp-json\/wp\/v2\/categories?post=5780"},{"taxonomy":"post_tag","embeddable":true,"href":"http:\/\/fundaciolluiscoromina.org\/index.php\/wp-json\/wp\/v2\/tags?post=5780"}],"curies":[{"name":"wp","href":"https:\/\/api.w.org\/{rel}","templated":true}]}}