{"id":5788,"date":"2022-11-28T13:14:53","date_gmt":"2022-11-28T12:14:53","guid":{"rendered":"http:\/\/www.fundaciolluiscoromina.org\/?p=5788"},"modified":"2025-07-29T12:54:24","modified_gmt":"2025-07-29T10:54:24","slug":"la-fundacio-lluis-coromina-organitza-una-jornada-solidaria-amb-joves-ucrainesos","status":"publish","type":"post","link":"http:\/\/fundaciolluiscoromina.org\/index.php\/2022\/11\/28\/la-fundacio-lluis-coromina-organitza-una-jornada-solidaria-amb-joves-ucrainesos\/","title":{"rendered":"La Fundaci\u00f3 Llu\u00eds Coromina organitza una jornada solid\u00e0ria i l\u00fadica amb joves ucra\u00efnesos"},"content":{"rendered":"<p>El president de la fundaci\u00f3, Llu\u00eds Coromina, ha acollit durant tot un dia al grup de joves ucra\u00efnesos que van arribar fa gaireb\u00e9 un any a Catalunya, despr\u00e9s d\u2019haver marxat del seu pa\u00eds a causa del conflicte b\u00e8l\u00b7lic. Des de la Fundaci\u00f3 se\u2019ls ha organitzat una jornada d\u2019oci per con\u00e8ixer la ciutat de Banyoles, que ha consistit en una visita especial per l\u2019estany i altres indrets de la comarca.<\/p>\n<p>Els onze nens i nenes ucra\u00efnesos que han format part d\u2019aquesta jornada van arribar a Catalunya el mes d\u2019abril, despr\u00e9s de travessar tot Europa acompanyats dels dos tutors de l\u2019orfenat on residien a Dnipr\u00f3, a l\u2019est d\u2019Ucra\u00efna. Acollits per la fam\u00edlia Torrent de l&#8217;esgl\u00e9sia evang\u00e8lica baptista de Vilafranca del Pened\u00e8s, el grup de joves orfes porta gaireb\u00e9 un any residint al territori catal\u00e0 i refent les seva vida. Des de la Fundaci\u00f3 Llu\u00eds Coromina, i amb l\u2019objectiu de col\u00b7laborar amb la causa i la seva acollida, s\u2019ha realitzat aquesta jornada l\u00fadica per tal que els nens i nenes coneguessin la capital del Pla de l\u2019Estany, aix\u00ed com les diferents instal\u00b7lacions de la Fundaci\u00f3. Una jornada solid\u00e0ria que, novament, ha unit art, natura i persones, i que ha comptat amb una petita acci\u00f3 simb\u00f2lica a l\u2019estany de Banyoles, que s\u2019ha omplert d\u2019espelmes en commemoraci\u00f3 als afectats per la guerra d\u2019Ucra\u00efna.<\/p>\n<p><a href=\"http:\/\/www.fundaciolluiscoromina.org\/wp-content\/uploads\/2022\/11\/foto1.jpg\"><img loading=\"lazy\" decoding=\"async\" class=\"alignnone wp-image-5789\" src=\"http:\/\/www.fundaciolluiscoromina.org\/wp-content\/uploads\/2022\/11\/foto1.jpg\" alt=\"\" width=\"436\" height=\"366\" \/><\/a><a href=\"http:\/\/www.fundaciolluiscoromina.org\/wp-content\/uploads\/2022\/11\/foto2-1.jpg\"><img loading=\"lazy\" decoding=\"async\" class=\"alignnone wp-image-5794\" src=\"http:\/\/www.fundaciolluiscoromina.org\/wp-content\/uploads\/2022\/11\/foto2-1.jpg\" alt=\"\" width=\"436\" height=\"366\" \/><\/a><\/p>\n","protected":false},"excerpt":{"rendered":"<p>El president de la fundaci\u00f3, Llu\u00eds Coromina, ha acollit durant tot un dia al grup de joves ucra\u00efnesos que van &#8230;<\/p>\n","protected":false},"author":2,"featured_media":5791,"comment_status":"closed","ping_status":"open","sticky":false,"template":"","format":"standard","meta":{"footnotes":""},"categories":[14,15,10,11,9,12],"tags":[],"class_list":["post-5788","post","type-post","status-publish","format-standard","has-post-thumbnail","hentry","category-accions-culturals","category-accions-socials","category-activitats","category-educacio-2","category-historic","category-publicacions"],"_links":{"self":[{"href":"http:\/\/fundaciolluiscoromina.org\/index.php\/wp-json\/wp\/v2\/posts\/5788","targetHints":{"allow":["GET"]}}],"collection":[{"href":"http:\/\/fundaciolluiscoromina.org\/index.php\/wp-json\/wp\/v2\/posts"}],"about":[{"href":"http:\/\/fundaciolluiscoromina.org\/index.php\/wp-json\/wp\/v2\/types\/post"}],"author":[{"embeddable":true,"href":"http:\/\/fundaciolluiscoromina.org\/index.php\/wp-json\/wp\/v2\/users\/2"}],"replies":[{"embeddable":true,"href":"http:\/\/fundaciolluiscoromina.org\/index.php\/wp-json\/wp\/v2\/comments?post=5788"}],"version-history":[{"count":1,"href":"http:\/\/fundaciolluiscoromina.org\/index.php\/wp-json\/wp\/v2\/posts\/5788\/revisions"}],"predecessor-version":[{"id":7008,"href":"http:\/\/fundaciolluiscoromina.org\/index.php\/wp-json\/wp\/v2\/posts\/5788\/revisions\/7008"}],"wp:attachment":[{"href":"http:\/\/fundaciolluiscoromina.org\/index.php\/wp-json\/wp\/v2\/media?parent=5788"}],"wp:term":[{"taxonomy":"category","embeddable":true,"href":"http:\/\/fundaciolluiscoromina.org\/index.php\/wp-json\/wp\/v2\/categories?post=5788"},{"taxonomy":"post_tag","embeddable":true,"href":"http:\/\/fundaciolluiscoromina.org\/index.php\/wp-json\/wp\/v2\/tags?post=5788"}],"curies":[{"name":"wp","href":"https:\/\/api.w.org\/{rel}","templated":true}]}}