{"id":579,"date":"2011-06-26T10:10:33","date_gmt":"2011-06-26T10:10:33","guid":{"rendered":"http:\/\/espaieatart.wordpress.com\/?p=579"},"modified":"2011-06-26T10:10:33","modified_gmt":"2011-06-26T10:10:33","slug":"sant-lluis-dia-internacional-de-la-musica-2011-actuacio-a-lespai-eat-art-lluis-vila","status":"publish","type":"post","link":"http:\/\/fundaciolluiscoromina.org\/index.php\/2011\/06\/26\/sant-lluis-dia-internacional-de-la-musica-2011-actuacio-a-lespai-eat-art-lluis-vila\/","title":{"rendered":"Sant LLu\u00eds. Dia Internacional de la M\u00fasica 2011. Actuaci\u00f3 a l&#8217;Espai Eat Art Llu\u00eds Vil\u00e0"},"content":{"rendered":"<p style=\"text-align:justify;\">Dins el programa d&#8217;actes del <em>Celebrem Sant Llu\u00eds<\/em> (del 15 al 21 de juny 2011) a l&#8217;Espai Eat Art Llu\u00eds Vil\u00e0 va tenir lloc la lectura d&#8217;un manifest a c\u00e0rrec de l&#8217;actor Jordi Coromina i l&#8217;actuaci\u00f3 del grup de guitarres i violoncels de l&#8217;Escola Municipal de M\u00fasica de Banyoles.<br \/>\nL&#8217;acte va ser presentat per Ricard Planas, director de l&#8217;Espai Eat Art i Sam Atencia, director de l&#8217;Escola Municipal de M\u00fasica de Banyoles.<br \/>\nOrganitzat pels <em>Amics de Llu\u00eds Vil\u00e0<\/em> i amb el suport de l&#8217;Ajuntament de Banyoles, l&#8217;Espai Eat Art i el Centre Municipal d&#8217;Estudis Musicals Ateneu de Banyoles.<\/p>\n<p style=\"text-align:center;\"><a href=\"http:\/\/espaieatart.files.wordpress.com\/2011\/06\/collage-sant-lluis-2011.jpg\"><img loading=\"lazy\" decoding=\"async\" class=\"aligncenter size-full wp-image-580\" title=\"collage sant lluis 2011\" src=\"http:\/\/espaieatart.files.wordpress.com\/2011\/06\/collage-sant-lluis-2011.jpg\" alt=\"\" width=\"640\" height=\"320\" \/><\/a><\/p>\n<p style=\"text-align:justify;\">\n","protected":false},"excerpt":{"rendered":"<p>Dins el programa d&#8217;actes del Celebrem Sant Llu\u00eds (del 15 al 21 de juny 2011) a l&#8217;Espai Eat Art Llu\u00eds &#8230;<\/p>\n","protected":false},"author":1,"featured_media":580,"comment_status":"open","ping_status":"open","sticky":false,"template":"","format":"standard","meta":{"footnotes":""},"categories":[9],"tags":[],"class_list":["post-579","post","type-post","status-publish","format-standard","has-post-thumbnail","hentry","category-historic"],"_links":{"self":[{"href":"http:\/\/fundaciolluiscoromina.org\/index.php\/wp-json\/wp\/v2\/posts\/579","targetHints":{"allow":["GET"]}}],"collection":[{"href":"http:\/\/fundaciolluiscoromina.org\/index.php\/wp-json\/wp\/v2\/posts"}],"about":[{"href":"http:\/\/fundaciolluiscoromina.org\/index.php\/wp-json\/wp\/v2\/types\/post"}],"author":[{"embeddable":true,"href":"http:\/\/fundaciolluiscoromina.org\/index.php\/wp-json\/wp\/v2\/users\/1"}],"replies":[{"embeddable":true,"href":"http:\/\/fundaciolluiscoromina.org\/index.php\/wp-json\/wp\/v2\/comments?post=579"}],"version-history":[{"count":0,"href":"http:\/\/fundaciolluiscoromina.org\/index.php\/wp-json\/wp\/v2\/posts\/579\/revisions"}],"wp:attachment":[{"href":"http:\/\/fundaciolluiscoromina.org\/index.php\/wp-json\/wp\/v2\/media?parent=579"}],"wp:term":[{"taxonomy":"category","embeddable":true,"href":"http:\/\/fundaciolluiscoromina.org\/index.php\/wp-json\/wp\/v2\/categories?post=579"},{"taxonomy":"post_tag","embeddable":true,"href":"http:\/\/fundaciolluiscoromina.org\/index.php\/wp-json\/wp\/v2\/tags?post=579"}],"curies":[{"name":"wp","href":"https:\/\/api.w.org\/{rel}","templated":true}]}}