{"id":5798,"date":"2022-12-02T11:39:09","date_gmt":"2022-12-02T10:39:09","guid":{"rendered":"http:\/\/www.fundaciolluiscoromina.org\/?p=5798"},"modified":"2025-07-29T12:54:24","modified_gmt":"2025-07-29T10:54:24","slug":"stella-rahola-guanyadora-de-la-primera-edicio-de-la-biennal-darts-visuals-ricard-cami","status":"publish","type":"post","link":"http:\/\/fundaciolluiscoromina.org\/index.php\/2022\/12\/02\/stella-rahola-guanyadora-de-la-primera-edicio-de-la-biennal-darts-visuals-ricard-cami\/","title":{"rendered":"Stella Rahola, guanyadora de la primera edici\u00f3 de la Biennal d\u2019Arts Visuals Ricard Cam\u00ed"},"content":{"rendered":"<p>El projecte <em>Ufana (II) <\/em>de Stella Rahola ha guanyat la primera edici\u00f3 de la Biennal d\u2019Arts Visuals Ricard Cam\u00ed, certamen coorganitzat per la Fundaci\u00f3 Llu\u00eds Coromina, la Fundaci\u00f3 Antigues Caixes Catalanes i bonart cultural. Amb l\u2019objectiu d\u2019oferir una mirada avan\u00e7ada i compromesa amb les problem\u00e0tiques mediambientals a partir de la capacitat transformadora de l&#8217;art, la Biennal s\u2019adre\u00e7a a projectes art\u00edstics i socials de totes les disciplines de les arts visuals, i enguany ha comptat amb 26 propostes.<\/p>\n<p>La guanyadora de la primera edici\u00f3 de la Biennal d\u2019Arts Visuals Ricard Cam\u00ed ha estat Stella Rahola amb el projecte <em>Ufana (II), <\/em>una instal\u00b7laci\u00f3 art\u00edstica que respon a una necessitat real: l&#8217;escassetat de l&#8217;aigua com a recurs natural. Escollida per unanimitat pel jurat del certamen, la proposta ha estat triada per la seva solidesa, que combina manualitat i biologia, i que pren com a base la potabilitat de l\u2019aigua a partir de la interrelaci\u00f3 dels materials. Una iniciativa que explora una manera de comprendre la situaci\u00f3 actual per millorar els sistemes de producci\u00f3, canviar patrons de conducta i promoure formes de vida m\u00e9s \u00e8tiques.<\/p>\n<p>&nbsp;<\/p>\n<p>Format per professionals relacionats amb la difusi\u00f3 de la cultura i les arts visuals, el jurat de la primera edici\u00f3 de la Biennal d\u2019Arts Visuals Ricard Cam\u00ed ha comptat amb la participaci\u00f3 de Montse Badia, cr\u00edtica d\u2019art i editora d\u2019A*DESK; Nat\u00e0lia Chocarro, cr\u00edtica d\u2019art i assessora d&#8217;art de la Fundaci\u00f3 Vila Casa; Antonio Ortega, artista i docent; Ricard Planas, editor de bonart i director de la Fundaci\u00f3 Llu\u00eds Coromina, i Bel\u00e9n Latorre, directora de la Fundaci\u00f3 Antigues Caixes Catalanes. A part del projecte guanyador, els membres del jurat tamb\u00e9 han escollit tres finalistes d\u2019entre les 26 propostes: N\u00faria Benet, per la seva proposta <em>Delirium Garden<\/em>; Adri\u00e0 Gamero, per <em>Quanta terra necessita una persona<\/em>; i Gl\u00f2ria Gim\u00e9nez, pel seu projecte <em>La butaca que tenia forma de muntanya<\/em>.<\/p>\n<p>El projecte <em>Ufana (II)<\/em> de Stella Rahola ha estat premiat amb 3.000 euros per al millor projecte d\u2019Arts Visuals, in\u00e8dit en qualsevol de les seves disciplines de les arts visuals, i 1.500 euros que es destinaran a la producci\u00f3 del projecte, del qual es far\u00e0 una exposici\u00f3 a l\u2019Espai Isern Dalmau de la Fundaci\u00f3 Llu\u00eds Coromina al setembre de 2023. Per la seva banda, els tres finalistes han estat guardonats amb 300 euros, com a suport als projectes presentats, que tamb\u00e9 formaran part de l\u2019exposici\u00f3.<\/p>\n<p><a href=\"http:\/\/www.fundaciolluiscoromina.org\/wp-content\/uploads\/2022\/12\/projecte-web.jpg\"><img loading=\"lazy\" decoding=\"async\" class=\"alignnone  wp-image-5800\" src=\"http:\/\/www.fundaciolluiscoromina.org\/wp-content\/uploads\/2022\/12\/projecte-web.jpg\" alt=\"\" width=\"209\" height=\"230\" \/><\/a><\/p>\n<p><strong>Biennal d\u2019Arts Visuals Ricard Cam\u00ed<\/strong><\/p>\n<p>El certamen, que s\u2019ha impulsat per primera vegada aquest 2022, t\u00e9 com a principal objectiu \u00a0estimular la creaci\u00f3 art\u00edstica, sigui quina sigui la t\u00e8cnica utilitzada (pintura, escultura, fotografia, v\u00eddeoart, dibuix\/gravat, instal\u00b7laci\u00f3 i so, o combinaci\u00f3 detotes elles) amb projectes amb valors socials, a la vegada que vol contribuir a la promoci\u00f3 i a la projecci\u00f3 dels artistes visuals.<\/p>\n<p>La Biennal d\u2019Arts Visuals Ricard Cam\u00ed, que compta amb el segell de bones pr\u00e0ctiques que atorga la Plataforma Assemble\u00e0ria d&#8217;Artistes de Catalunya (PAAC), est\u00e0 convocada i coorganitzada per la Fundaci\u00f3 Antigues Caixes Catalanes (FACC), la Fundaci\u00f3 Llu\u00eds Coromina i bonart. El certamen es convocar\u00e0 cada 2 anys i s\u2019hi podran presentar projectes que tinguin com a tem\u00e0tica algun dels ODS que marca l\u2019Agenda 2030 de Desenvolupament Sostenible.<\/p>\n<p>Per a aquesta primera edici\u00f3, els projectes havien de centrar-se en el canvi clim\u00e0tic i tots els seus derivats (ODS 7, 12 i 13) i no podien haver estat realitzats pr\u00e8viament. A la Biennal poden presentar-se artistes professionals residents a Catalunya que puguin acreditar estar dins la professi\u00f3, ja sigui amb exposicions o treballs de recerca portats a terme, o l\u2019assoliment de t\u00edtols acad\u00e8mics. La seva creaci\u00f3 neix com a continuaci\u00f3 del Premi de Pintura Ricard Cam\u00ed, que l\u2019any 2019 va celebrar la 16a edici\u00f3, adaptada als nous temps.<\/p>\n","protected":false},"excerpt":{"rendered":"<p>El projecte Ufana (II) de Stella Rahola ha guanyat la primera edici\u00f3 de la Biennal d\u2019Arts Visuals Ricard Cam\u00ed, certamen &#8230;<\/p>\n","protected":false},"author":2,"featured_media":5799,"comment_status":"closed","ping_status":"open","sticky":false,"template":"","format":"standard","meta":{"footnotes":""},"categories":[14,15,10,9,12],"tags":[],"class_list":["post-5798","post","type-post","status-publish","format-standard","has-post-thumbnail","hentry","category-accions-culturals","category-accions-socials","category-activitats","category-historic","category-publicacions"],"_links":{"self":[{"href":"http:\/\/fundaciolluiscoromina.org\/index.php\/wp-json\/wp\/v2\/posts\/5798","targetHints":{"allow":["GET"]}}],"collection":[{"href":"http:\/\/fundaciolluiscoromina.org\/index.php\/wp-json\/wp\/v2\/posts"}],"about":[{"href":"http:\/\/fundaciolluiscoromina.org\/index.php\/wp-json\/wp\/v2\/types\/post"}],"author":[{"embeddable":true,"href":"http:\/\/fundaciolluiscoromina.org\/index.php\/wp-json\/wp\/v2\/users\/2"}],"replies":[{"embeddable":true,"href":"http:\/\/fundaciolluiscoromina.org\/index.php\/wp-json\/wp\/v2\/comments?post=5798"}],"version-history":[{"count":1,"href":"http:\/\/fundaciolluiscoromina.org\/index.php\/wp-json\/wp\/v2\/posts\/5798\/revisions"}],"predecessor-version":[{"id":7007,"href":"http:\/\/fundaciolluiscoromina.org\/index.php\/wp-json\/wp\/v2\/posts\/5798\/revisions\/7007"}],"wp:attachment":[{"href":"http:\/\/fundaciolluiscoromina.org\/index.php\/wp-json\/wp\/v2\/media?parent=5798"}],"wp:term":[{"taxonomy":"category","embeddable":true,"href":"http:\/\/fundaciolluiscoromina.org\/index.php\/wp-json\/wp\/v2\/categories?post=5798"},{"taxonomy":"post_tag","embeddable":true,"href":"http:\/\/fundaciolluiscoromina.org\/index.php\/wp-json\/wp\/v2\/tags?post=5798"}],"curies":[{"name":"wp","href":"https:\/\/api.w.org\/{rel}","templated":true}]}}