{"id":5803,"date":"2022-12-16T14:20:51","date_gmt":"2022-12-16T13:20:51","guid":{"rendered":"http:\/\/www.fundaciolluiscoromina.org\/?p=5803"},"modified":"2025-07-29T12:54:23","modified_gmt":"2025-07-29T10:54:23","slug":"art-i-punt-nova-mostra-artistica-a-lespai-eat-art-de-banyoles","status":"publish","type":"post","link":"http:\/\/fundaciolluiscoromina.org\/index.php\/2022\/12\/16\/art-i-punt-nova-mostra-artistica-a-lespai-eat-art-de-banyoles\/","title":{"rendered":"\u2018Art i Punt\u2019, nova mostra art\u00edstica a l\u2019Espai Eat Art de Banyoles"},"content":{"rendered":"<p>La Fundaci\u00f3 Llu\u00eds Coromina acull l\u2019exposici\u00f3 <em>Art i Punt<\/em>, una mostra art\u00edstica del col\u00b7lectiu de persones que integren el projecte hom\u00f2nim impulsat per la Fundaci\u00f3 Estany. La mostra, que s\u2019obrir\u00e0 al p\u00fablic el dimecres 21 de desembre a partir de les 17 h, es podr\u00e0 visitar fins a finals de febrer. La inauguraci\u00f3 oficial tindr\u00e0 lloc el mes de gener de 2023, despr\u00e9s de les festes de Nadal.<\/p>\n<p>En un temps de constant canvi i ritmes accelerats, el projecte Art i Punt convida als seus participants a aturar-se, enfocar la mirada cap a dins i trobar moments de serenor. L\u2019art porta impl\u00edcites les accions de parar, mirar, observar i pensar, i esdev\u00e9 una eina per expressar all\u00f2 que no podem expressar amb paraules. Amb la intenci\u00f3 de trencar les normes imposades, els participants d\u2019aquesta iniciativa mostren la seva visi\u00f3, potser diferent, i conviden al p\u00fablic a fer les seves pr\u00f2pies reflexions al voltant de les seves creacions.<\/p>\n<p>La mostra <em>Art i Punt<\/em>\u00a0\u00e9s un recull d\u2019obres art\u00edstiques que vol visibilitzar diferents persones i la seva quotidianitat, aix\u00ed com la forma de veure els altres i tot all\u00f2 que ens envolta. Creada pel col\u00b7lectiu art\u00edstic que forma part del projecte Art i Punt de la Fundaci\u00f3 Estany, i amb el guiatge de l\u2019artista Hellen Baanders, la mostra visibiltza la diversitat de mirades, pensaments, idees i sentiments de les persones que participen en aquesta iniciativa, afegint elements nous que representen tota la seva riquesa interior.<\/p>\n<p>L&#8217;exposici\u00f3 es podr\u00e0 visitar a\u00a0l\u2019Espai Eat Art de Banyoles fins a finals de febrer, i l&#8217;horari de visites \u00e9s de dimecres a divendres de 16 h a 19 h, i dissabtes de 10:30 h a 13:30 h.<\/p>\n<p><strong>La presentaci\u00f3 de l&#8217;exposici\u00f3 tindr\u00e0 lloc el dilluns 13 de febrer a les 19 h, al mateix espai.<\/strong><\/p>\n<p>&nbsp;<\/p>\n","protected":false},"excerpt":{"rendered":"<p>La Fundaci\u00f3 Llu\u00eds Coromina acull l\u2019exposici\u00f3 Art i Punt, una mostra art\u00edstica del col\u00b7lectiu de persones que integren el projecte &#8230;<\/p>\n","protected":false},"author":2,"featured_media":5804,"comment_status":"closed","ping_status":"open","sticky":false,"template":"","format":"standard","meta":{"footnotes":""},"categories":[14,15,10,17,9,12],"tags":[],"class_list":["post-5803","post","type-post","status-publish","format-standard","has-post-thumbnail","hentry","category-accions-culturals","category-accions-socials","category-activitats","category-exposicions-espai-eat-art","category-historic","category-publicacions"],"_links":{"self":[{"href":"http:\/\/fundaciolluiscoromina.org\/index.php\/wp-json\/wp\/v2\/posts\/5803","targetHints":{"allow":["GET"]}}],"collection":[{"href":"http:\/\/fundaciolluiscoromina.org\/index.php\/wp-json\/wp\/v2\/posts"}],"about":[{"href":"http:\/\/fundaciolluiscoromina.org\/index.php\/wp-json\/wp\/v2\/types\/post"}],"author":[{"embeddable":true,"href":"http:\/\/fundaciolluiscoromina.org\/index.php\/wp-json\/wp\/v2\/users\/2"}],"replies":[{"embeddable":true,"href":"http:\/\/fundaciolluiscoromina.org\/index.php\/wp-json\/wp\/v2\/comments?post=5803"}],"version-history":[{"count":1,"href":"http:\/\/fundaciolluiscoromina.org\/index.php\/wp-json\/wp\/v2\/posts\/5803\/revisions"}],"predecessor-version":[{"id":7006,"href":"http:\/\/fundaciolluiscoromina.org\/index.php\/wp-json\/wp\/v2\/posts\/5803\/revisions\/7006"}],"wp:attachment":[{"href":"http:\/\/fundaciolluiscoromina.org\/index.php\/wp-json\/wp\/v2\/media?parent=5803"}],"wp:term":[{"taxonomy":"category","embeddable":true,"href":"http:\/\/fundaciolluiscoromina.org\/index.php\/wp-json\/wp\/v2\/categories?post=5803"},{"taxonomy":"post_tag","embeddable":true,"href":"http:\/\/fundaciolluiscoromina.org\/index.php\/wp-json\/wp\/v2\/tags?post=5803"}],"curies":[{"name":"wp","href":"https:\/\/api.w.org\/{rel}","templated":true}]}}