{"id":5812,"date":"2022-12-23T13:47:33","date_gmt":"2022-12-23T12:47:33","guid":{"rendered":"http:\/\/www.fundaciolluiscoromina.org\/?p=5812"},"modified":"2025-07-29T12:54:23","modified_gmt":"2025-07-29T10:54:23","slug":"des-de-la-fundacio-lluis-coromina-us-destigem-molt-bones-festes","status":"publish","type":"post","link":"http:\/\/fundaciolluiscoromina.org\/index.php\/2022\/12\/23\/des-de-la-fundacio-lluis-coromina-us-destigem-molt-bones-festes\/","title":{"rendered":"Des de la Fundaci\u00f3 Llu\u00eds Coromina us destigem molt bones festes!"},"content":{"rendered":"<p>Des de la Fundaci\u00f3 Llu\u00eds Coromina us destigem molt bones festes! Que passeu bon Nadal i tingueu una bona entrada a l&#8217;any 2023!<\/p>\n<p>Els horaris especials de Nadal s\u00f3n:<\/p>\n<p>Dissabte 24 de desembre, de 10:30 h a 13:30 h<br \/>\nDiumenge 25, dilluns 26, dissabte 31 i divendres 6 de gener, tancat<\/p>\n","protected":false},"excerpt":{"rendered":"<p>Des de la Fundaci\u00f3 Llu\u00eds Coromina us destigem molt bones festes! Que passeu bon Nadal i tingueu una bona entrada &#8230;<\/p>\n","protected":false},"author":2,"featured_media":5810,"comment_status":"closed","ping_status":"open","sticky":false,"template":"","format":"standard","meta":{"footnotes":""},"categories":[10],"tags":[],"class_list":["post-5812","post","type-post","status-publish","format-standard","has-post-thumbnail","hentry","category-activitats"],"_links":{"self":[{"href":"http:\/\/fundaciolluiscoromina.org\/index.php\/wp-json\/wp\/v2\/posts\/5812","targetHints":{"allow":["GET"]}}],"collection":[{"href":"http:\/\/fundaciolluiscoromina.org\/index.php\/wp-json\/wp\/v2\/posts"}],"about":[{"href":"http:\/\/fundaciolluiscoromina.org\/index.php\/wp-json\/wp\/v2\/types\/post"}],"author":[{"embeddable":true,"href":"http:\/\/fundaciolluiscoromina.org\/index.php\/wp-json\/wp\/v2\/users\/2"}],"replies":[{"embeddable":true,"href":"http:\/\/fundaciolluiscoromina.org\/index.php\/wp-json\/wp\/v2\/comments?post=5812"}],"version-history":[{"count":1,"href":"http:\/\/fundaciolluiscoromina.org\/index.php\/wp-json\/wp\/v2\/posts\/5812\/revisions"}],"predecessor-version":[{"id":7005,"href":"http:\/\/fundaciolluiscoromina.org\/index.php\/wp-json\/wp\/v2\/posts\/5812\/revisions\/7005"}],"wp:attachment":[{"href":"http:\/\/fundaciolluiscoromina.org\/index.php\/wp-json\/wp\/v2\/media?parent=5812"}],"wp:term":[{"taxonomy":"category","embeddable":true,"href":"http:\/\/fundaciolluiscoromina.org\/index.php\/wp-json\/wp\/v2\/categories?post=5812"},{"taxonomy":"post_tag","embeddable":true,"href":"http:\/\/fundaciolluiscoromina.org\/index.php\/wp-json\/wp\/v2\/tags?post=5812"}],"curies":[{"name":"wp","href":"https:\/\/api.w.org\/{rel}","templated":true}]}}