{"id":5815,"date":"2022-12-28T15:02:55","date_gmt":"2022-12-28T14:02:55","guid":{"rendered":"http:\/\/www.fundaciolluiscoromina.org\/?p=5815"},"modified":"2025-07-29T12:54:23","modified_gmt":"2025-07-29T10:54:23","slug":"un-concert-cada-dia-de-gener-el-bateria-ramon-prats-presenta-el-projecte-solot-a-lespai-eat-art","status":"publish","type":"post","link":"http:\/\/fundaciolluiscoromina.org\/index.php\/2022\/12\/28\/un-concert-cada-dia-de-gener-el-bateria-ramon-prats-presenta-el-projecte-solot-a-lespai-eat-art\/","title":{"rendered":"Un concert cada dia de gener: el bateria Ramon Prats presenta el projecte \u2018SOLOT\u2019 a l\u2019Espai Eat Art"},"content":{"rendered":"<p>De l\u20191 al 31 de gener, l\u2019Espai Eat Art de Banyoles acollir\u00e0 cada dia a les 21 h el concert improvisat<em> SOLOT<\/em> del bateria banyol\u00ed Ramon Prats. Inspirat per l\u2019espai, el p\u00fablic assistent, el so i les idees musicals que apareixeran cada vespre, l\u2019artista oferir\u00e0 un concert nom\u00e9s de bateria i totalment improvisat, que variar\u00e0 segons el context i l\u2019entorn. Les entrades tindran un preu de 3\u20ac, i es podran adquirir el mateix dia de l\u2019actuaci\u00f3. Aix\u00ed mateix, les persones interessades tamb\u00e9 podran adquirir un abonament per 15\u20ac i assistir a totes les actuacions que desitgin.<\/p>\n<p>Presentat l\u2019any 2019 amb una gira arreu de la pen\u00ednsula ib\u00e8rica, en qu\u00e8 Ramon Prats va tocar cada dia en una ciutat diferent, el projecte <em>SOLOT<\/em> neix l\u2019any 2010 despr\u00e9s d\u2019una estada a Nova York. Amb la intenci\u00f3 de trobar-se a si mateix, el bateria banyol\u00ed presenta aquesta proposta a Banyoles, i ho fa a l\u2019Espai Eat Art de la Fundaci\u00f3 Llu\u00eds Coromina, amb un concert improvisat de bateria cada dia de gener. Una proposta que neix de les seg\u00fcents reflexions de l\u2019artista:<\/p>\n<p><em>Quan improvisem, en la m\u00fasica o en la vida mateixa, perqu\u00e8 prenem les decisions que prenem? Qu\u00e8 fa que ens decidim per una cosa i no per una altra? De quina manera actuem un cop hem pres les decisions? I com reaccionem a les conseq\u00fc\u00e8ncies de les nostres decisions i dels nostres actes? <\/em><\/p>\n<p><em>Si pensem que JO actuo com JO s\u00f3c, i que JO s\u00f3c com JO actuo, llavors tenim dues variables d\u2019aquest JO que s\u00f3n susceptibles de ser canviades per alimentar aquest cercle: la persona i els actes. <\/em><\/p>\n<p><em>\u00c9s com si cada dia tingu\u00e9s una conversa amb un desconegut, i aquestes converses, d&#8217;alguna manera, em faran canviar. I aix\u00f2 far\u00e0 canviar la m\u00fasica. I la m\u00fasica em far\u00e0 canviar a mi.<\/em><\/p>\n<p>&nbsp;<\/p>\n<p><strong>Totes les actuacions tindran lloc a les 21 h, a excepci\u00f3 del dimecres 11 de gener, que el concert es dur\u00e0 a terme a les 11 h<\/strong>, coincidint amb l\u2019horari de mercat. Les entrades (3\u20ac) es podran adquirir cada dia abans de cada concert i l\u2019aforament ser\u00e0 limitat.<\/p>\n","protected":false},"excerpt":{"rendered":"<p>De l\u20191 al 31 de gener, l\u2019Espai Eat Art de Banyoles acollir\u00e0 cada dia a les 21 h el concert &#8230;<\/p>\n","protected":false},"author":2,"featured_media":5816,"comment_status":"closed","ping_status":"open","sticky":false,"template":"","format":"standard","meta":{"footnotes":""},"categories":[14,15,10,9,12],"tags":[],"class_list":["post-5815","post","type-post","status-publish","format-standard","has-post-thumbnail","hentry","category-accions-culturals","category-accions-socials","category-activitats","category-historic","category-publicacions"],"_links":{"self":[{"href":"http:\/\/fundaciolluiscoromina.org\/index.php\/wp-json\/wp\/v2\/posts\/5815","targetHints":{"allow":["GET"]}}],"collection":[{"href":"http:\/\/fundaciolluiscoromina.org\/index.php\/wp-json\/wp\/v2\/posts"}],"about":[{"href":"http:\/\/fundaciolluiscoromina.org\/index.php\/wp-json\/wp\/v2\/types\/post"}],"author":[{"embeddable":true,"href":"http:\/\/fundaciolluiscoromina.org\/index.php\/wp-json\/wp\/v2\/users\/2"}],"replies":[{"embeddable":true,"href":"http:\/\/fundaciolluiscoromina.org\/index.php\/wp-json\/wp\/v2\/comments?post=5815"}],"version-history":[{"count":1,"href":"http:\/\/fundaciolluiscoromina.org\/index.php\/wp-json\/wp\/v2\/posts\/5815\/revisions"}],"predecessor-version":[{"id":7004,"href":"http:\/\/fundaciolluiscoromina.org\/index.php\/wp-json\/wp\/v2\/posts\/5815\/revisions\/7004"}],"wp:attachment":[{"href":"http:\/\/fundaciolluiscoromina.org\/index.php\/wp-json\/wp\/v2\/media?parent=5815"}],"wp:term":[{"taxonomy":"category","embeddable":true,"href":"http:\/\/fundaciolluiscoromina.org\/index.php\/wp-json\/wp\/v2\/categories?post=5815"},{"taxonomy":"post_tag","embeddable":true,"href":"http:\/\/fundaciolluiscoromina.org\/index.php\/wp-json\/wp\/v2\/tags?post=5815"}],"curies":[{"name":"wp","href":"https:\/\/api.w.org\/{rel}","templated":true}]}}