{"id":5819,"date":"2023-01-02T11:34:11","date_gmt":"2023-01-02T10:34:11","guid":{"rendered":"http:\/\/www.fundaciolluiscoromina.org\/?p=5819"},"modified":"2025-07-29T12:54:23","modified_gmt":"2025-07-29T10:54:23","slug":"lespai-lluis-vila-nova-residencia-dartistes-a-banyoles","status":"publish","type":"post","link":"http:\/\/fundaciolluiscoromina.org\/index.php\/2023\/01\/02\/lespai-lluis-vila-nova-residencia-dartistes-a-banyoles\/","title":{"rendered":"L\u2019Espai Llu\u00eds Vil\u00e0, nova resid\u00e8ncia d\u2019artistes a Banyoles"},"content":{"rendered":"<p>L\u2019Espai Llu\u00eds Vil\u00e0 de la Fundaci\u00f3 Llu\u00eds Coromina, ubicat a la pla\u00e7a Major de Banyoles, est\u00e0 vivint un moment transitori, de l\u2019esport a l\u2019art. Despr\u00e9s de la resid\u00e8ncia dels components de l\u2019equip ciclista de carretera Elit\/Sub23 Antiga Casa Bellsol\u00e0 durant tot el 2021 i part del 2022, l\u2019antic habitatge de l\u2019artista Llu\u00eds Vil\u00e0, situat a la part superior de l\u2019Espai Eat Art, comen\u00e7a una nova etapa com a resid\u00e8ncia d\u2019artistes.<\/p>\n<p>Amb l\u2019objectiu de convertir-se en un lloc \u00f2ptim on diversos artistes pl\u00e0stics i d\u2019altres disciplines puguin allotjar-se i desenvolupar projectes creatius i d\u2019innovaci\u00f3 basats en els tres pilars de la Fundaci\u00f3 Llu\u00eds Coromina (art, natura i persones), enguany el nou espai-resid\u00e8ncia d\u2019artistes Llu\u00eds Vil\u00e0 acull a dos artistes que desenvoluparan els seus projectes culturals art\u00edstics. Per una banda, l\u2019artista, fil\u00f2loga i investigadora <strong>Elvira Prado-Fabregat <\/strong>treballar\u00e0 en el proc\u00e9s creatiu i el comissariat de l\u2019exposici\u00f3 \u201cM\u00e9s lloc per a la fosca\u201d, una proposta que combina literatura, m\u00fasica, tradici\u00f3 i natura, i que veur\u00e0 la llum al maig del 2023. D\u2019altra banda, l\u2019artista banyol\u00ed <strong>Jordi Mart\u00ednez<\/strong>, format en el camp de les Belles Arts i dedicat a la visualitzaci\u00f3 pict\u00f2rica d\u2019espais abandonats, se centrar\u00e0 en la creaci\u00f3 de noves obres pict\u00f2riques, amb la fita d\u2019exposar-les en un futur proper a Alemanya.<\/p>\n","protected":false},"excerpt":{"rendered":"<p>L\u2019Espai Llu\u00eds Vil\u00e0 de la Fundaci\u00f3 Llu\u00eds Coromina, ubicat a la pla\u00e7a Major de Banyoles, est\u00e0 vivint un moment transitori, &#8230;<\/p>\n","protected":false},"author":2,"featured_media":5820,"comment_status":"closed","ping_status":"open","sticky":false,"template":"","format":"standard","meta":{"footnotes":""},"categories":[14,15,10,9,12],"tags":[],"class_list":["post-5819","post","type-post","status-publish","format-standard","has-post-thumbnail","hentry","category-accions-culturals","category-accions-socials","category-activitats","category-historic","category-publicacions"],"_links":{"self":[{"href":"http:\/\/fundaciolluiscoromina.org\/index.php\/wp-json\/wp\/v2\/posts\/5819","targetHints":{"allow":["GET"]}}],"collection":[{"href":"http:\/\/fundaciolluiscoromina.org\/index.php\/wp-json\/wp\/v2\/posts"}],"about":[{"href":"http:\/\/fundaciolluiscoromina.org\/index.php\/wp-json\/wp\/v2\/types\/post"}],"author":[{"embeddable":true,"href":"http:\/\/fundaciolluiscoromina.org\/index.php\/wp-json\/wp\/v2\/users\/2"}],"replies":[{"embeddable":true,"href":"http:\/\/fundaciolluiscoromina.org\/index.php\/wp-json\/wp\/v2\/comments?post=5819"}],"version-history":[{"count":1,"href":"http:\/\/fundaciolluiscoromina.org\/index.php\/wp-json\/wp\/v2\/posts\/5819\/revisions"}],"predecessor-version":[{"id":7003,"href":"http:\/\/fundaciolluiscoromina.org\/index.php\/wp-json\/wp\/v2\/posts\/5819\/revisions\/7003"}],"wp:featuredmedia":[{"embeddable":true,"href":"http:\/\/fundaciolluiscoromina.org\/index.php\/wp-json\/wp\/v2\/media\/5820"}],"wp:attachment":[{"href":"http:\/\/fundaciolluiscoromina.org\/index.php\/wp-json\/wp\/v2\/media?parent=5819"}],"wp:term":[{"taxonomy":"category","embeddable":true,"href":"http:\/\/fundaciolluiscoromina.org\/index.php\/wp-json\/wp\/v2\/categories?post=5819"},{"taxonomy":"post_tag","embeddable":true,"href":"http:\/\/fundaciolluiscoromina.org\/index.php\/wp-json\/wp\/v2\/tags?post=5819"}],"curies":[{"name":"wp","href":"https:\/\/api.w.org\/{rel}","templated":true}]}}