{"id":582,"date":"2011-06-27T14:54:38","date_gmt":"2011-06-27T14:54:38","guid":{"rendered":"http:\/\/espaieatart.wordpress.com\/?p=582"},"modified":"2011-06-27T14:54:38","modified_gmt":"2011-06-27T14:54:38","slug":"actuacio-dimma-colomer-i-dioni-chico-a-lespai-eat-art-lluis-vila-viii-festival-aphonica-2011","status":"publish","type":"post","link":"http:\/\/fundaciolluiscoromina.org\/index.php\/2011\/06\/27\/actuacio-dimma-colomer-i-dioni-chico-a-lespai-eat-art-lluis-vila-viii-festival-aphonica-2011\/","title":{"rendered":"Actuaci\u00f3 d&#8217;Imma Colomer i Dioni Chico a l&#8217;Espai Eat Art Llu\u00eds Vil\u00e0, VIII Festival (a)ph\u00f2nica 2011"},"content":{"rendered":"<p style=\"text-align:justify;\"><em>La m\u00e0gia d&#8217;en Calders<\/em> \u00e9s un espectacle que recull una quinzena de contes dels llibres Cr\u00f2niques de la veritat oculta, De teves a meves i L&#8217;honor a la deriva. S\u00f3n relats d&#8217;evasi\u00f3 i de m\u00e0gia plens d&#8217;ironia, humor i fantasia. A trav\u00e9s d&#8217;un dels escriptors m\u00e9s llegits de la literatura catalana, la narraci\u00f3 de l&#8217;actriu Imma Colomer i l&#8217;acompanyament de la m\u00fasica d&#8217;acordi\u00f3 de Dioni Chico ens despertaran, de ben segur, la imaginaci\u00f3.<br \/>\nDins el vuit\u00e8 Festival (a)ph\u00f2nica 2011 actuaci\u00f3 a l&#8217;Espai eat Art Llu\u00eds Vil\u00e0 de Banyoles.<\/p>\n<p style=\"text-align:justify;\"><a href=\"http:\/\/espaieatart.files.wordpress.com\/2011\/06\/collage-calders1.jpg\"><img loading=\"lazy\" decoding=\"async\" class=\"aligncenter size-full wp-image-586\" title=\"collage La m\u00e0gia d'en Calders Espai Eat Art 8\u00e8 Festival (a)ph\u00f2nica 2011\" src=\"http:\/\/espaieatart.files.wordpress.com\/2011\/06\/collage-calders1.jpg\" alt=\"\" width=\"640\" height=\"356\" \/><\/a><\/p>\n<p style=\"text-align:justify;\">Pere Calders (1912-1994) va trobar en el conte la llibertat que no li oferia cap altre g\u00e8nere. Amb un univers fictici poblat d&#8217;\u00e9ssers i fen\u00f2mens sobrenaturals, moltes de les seves narracions arrenquen d&#8217;una situaci\u00f3 estable, en qu\u00e8 els personatges se senten segurs i, gradualment o de sobte, aquesta tranquil.litat es veu trasbalsada per un element estrany i imprevist.<\/p>\n<p style=\"text-align:justify;\">Text del programa (a)ph\u00f2nica.<\/p>\n","protected":false},"excerpt":{"rendered":"<p>La m\u00e0gia d&#8217;en Calders \u00e9s un espectacle que recull una quinzena de contes dels llibres Cr\u00f2niques de la veritat oculta, &#8230;<\/p>\n","protected":false},"author":1,"featured_media":586,"comment_status":"open","ping_status":"open","sticky":false,"template":"","format":"standard","meta":{"footnotes":""},"categories":[9],"tags":[],"class_list":["post-582","post","type-post","status-publish","format-standard","has-post-thumbnail","hentry","category-historic"],"_links":{"self":[{"href":"http:\/\/fundaciolluiscoromina.org\/index.php\/wp-json\/wp\/v2\/posts\/582","targetHints":{"allow":["GET"]}}],"collection":[{"href":"http:\/\/fundaciolluiscoromina.org\/index.php\/wp-json\/wp\/v2\/posts"}],"about":[{"href":"http:\/\/fundaciolluiscoromina.org\/index.php\/wp-json\/wp\/v2\/types\/post"}],"author":[{"embeddable":true,"href":"http:\/\/fundaciolluiscoromina.org\/index.php\/wp-json\/wp\/v2\/users\/1"}],"replies":[{"embeddable":true,"href":"http:\/\/fundaciolluiscoromina.org\/index.php\/wp-json\/wp\/v2\/comments?post=582"}],"version-history":[{"count":0,"href":"http:\/\/fundaciolluiscoromina.org\/index.php\/wp-json\/wp\/v2\/posts\/582\/revisions"}],"wp:attachment":[{"href":"http:\/\/fundaciolluiscoromina.org\/index.php\/wp-json\/wp\/v2\/media?parent=582"}],"wp:term":[{"taxonomy":"category","embeddable":true,"href":"http:\/\/fundaciolluiscoromina.org\/index.php\/wp-json\/wp\/v2\/categories?post=582"},{"taxonomy":"post_tag","embeddable":true,"href":"http:\/\/fundaciolluiscoromina.org\/index.php\/wp-json\/wp\/v2\/tags?post=582"}],"curies":[{"name":"wp","href":"https:\/\/api.w.org\/{rel}","templated":true}]}}