{"id":5824,"date":"2023-01-05T13:16:09","date_gmt":"2023-01-05T12:16:09","guid":{"rendered":"http:\/\/www.fundaciolluiscoromina.org\/?p=5824"},"modified":"2025-07-29T12:54:23","modified_gmt":"2025-07-29T10:54:23","slug":"la-casa-de-cultura-de-girona-acull-lexposicio-itinerant-art-i-paraula","status":"publish","type":"post","link":"http:\/\/fundaciolluiscoromina.org\/index.php\/2023\/01\/05\/la-casa-de-cultura-de-girona-acull-lexposicio-itinerant-art-i-paraula\/","title":{"rendered":"La Casa de Cultura de Girona acull l\u2019exposici\u00f3 itinerant &#8216;Art i Paraula&#8217; \u00a0"},"content":{"rendered":"<p>L\u2019exposici\u00f3 itinerant <em>Art i Paraula <\/em>arriba a Girona. La mostra, que es va presentar el novembre de 2021 a la Factoria Cultural de Terrassa i l\u2019octubre de 2022 a l\u2019Espai Isern Dalmau de Barcelona, s\u2019inaugura <strong>aquest dimarts 10 de gener a les 19 h a la Casa de Cultura<\/strong> i es podr\u00e0 visitar fins al 10 de febrer. Creada per la Fundaci\u00f3 Llu\u00eds Coromina, l\u2019exposici\u00f3 \u00e9s un recorregut que explora les obres de diversos poetes i artistes visuals de diferents generacions i llenguatges de la cultura catalana, com Salvador Espriu, Francesca Llopis, Joan Oliver, Am\u00e8lia Riera, Guinovart o Maria Merc\u00e8 Mar\u00e7al, entre molts altres, amb l\u2019objectiu de donar a con\u00e8ixer els vincles existents entre diversos creadors de Catalunya. Comissariada per Fina Duran, Jes\u00fas Gald\u00f3n i Martina Morittu, l&#8217;exposici\u00f3 ha\u00a0comptat el suport de la Fundaci\u00f3 Josep Guinovart, la Fundaci\u00f3 Fel\u00edcia Fuster, \u00d2mnium Cultural i la Instituci\u00f3 de les Lletres Catalanes de la Generalitat de Catalunya.<\/p>\n<p><a href=\"http:\/\/test.fundaciolluiscoromina.org\/wp-content\/uploads\/2023\/01\/Art-i-Paraula-Girona.jpg\"><img loading=\"lazy\" decoding=\"async\" class=\"alignnone wp-image-5829\" src=\"http:\/\/test.fundaciolluiscoromina.org\/wp-content\/uploads\/2023\/01\/Art-i-Paraula-Girona-1024x1024.jpg\" alt=\"\" width=\"381\" height=\"381\" srcset=\"http:\/\/fundaciolluiscoromina.org\/wp-content\/uploads\/2023\/01\/Art-i-Paraula-Girona-1024x1024.jpg 1024w, http:\/\/fundaciolluiscoromina.org\/wp-content\/uploads\/2023\/01\/Art-i-Paraula-Girona-300x300.jpg 300w, http:\/\/fundaciolluiscoromina.org\/wp-content\/uploads\/2023\/01\/Art-i-Paraula-Girona-150x150.jpg 150w, http:\/\/fundaciolluiscoromina.org\/wp-content\/uploads\/2023\/01\/Art-i-Paraula-Girona-768x768.jpg 768w, http:\/\/fundaciolluiscoromina.org\/wp-content\/uploads\/2023\/01\/Art-i-Paraula-Girona-1536x1536.jpg 1536w, http:\/\/fundaciolluiscoromina.org\/wp-content\/uploads\/2023\/01\/Art-i-Paraula-Girona.jpg 2048w\" sizes=\"auto, (max-width: 381px) 100vw, 381px\" \/><\/a><\/p>\n","protected":false},"excerpt":{"rendered":"<p>L\u2019exposici\u00f3 itinerant Art i Paraula arriba a Girona. La mostra, que es va presentar el novembre de 2021 a la &#8230;<\/p>\n","protected":false},"author":2,"featured_media":5832,"comment_status":"closed","ping_status":"open","sticky":false,"template":"","format":"standard","meta":{"footnotes":""},"categories":[14,15,10,9,12],"tags":[],"class_list":["post-5824","post","type-post","status-publish","format-standard","has-post-thumbnail","hentry","category-accions-culturals","category-accions-socials","category-activitats","category-historic","category-publicacions"],"_links":{"self":[{"href":"http:\/\/fundaciolluiscoromina.org\/index.php\/wp-json\/wp\/v2\/posts\/5824","targetHints":{"allow":["GET"]}}],"collection":[{"href":"http:\/\/fundaciolluiscoromina.org\/index.php\/wp-json\/wp\/v2\/posts"}],"about":[{"href":"http:\/\/fundaciolluiscoromina.org\/index.php\/wp-json\/wp\/v2\/types\/post"}],"author":[{"embeddable":true,"href":"http:\/\/fundaciolluiscoromina.org\/index.php\/wp-json\/wp\/v2\/users\/2"}],"replies":[{"embeddable":true,"href":"http:\/\/fundaciolluiscoromina.org\/index.php\/wp-json\/wp\/v2\/comments?post=5824"}],"version-history":[{"count":1,"href":"http:\/\/fundaciolluiscoromina.org\/index.php\/wp-json\/wp\/v2\/posts\/5824\/revisions"}],"predecessor-version":[{"id":7002,"href":"http:\/\/fundaciolluiscoromina.org\/index.php\/wp-json\/wp\/v2\/posts\/5824\/revisions\/7002"}],"wp:featuredmedia":[{"embeddable":true,"href":"http:\/\/fundaciolluiscoromina.org\/index.php\/wp-json\/wp\/v2\/media\/5832"}],"wp:attachment":[{"href":"http:\/\/fundaciolluiscoromina.org\/index.php\/wp-json\/wp\/v2\/media?parent=5824"}],"wp:term":[{"taxonomy":"category","embeddable":true,"href":"http:\/\/fundaciolluiscoromina.org\/index.php\/wp-json\/wp\/v2\/categories?post=5824"},{"taxonomy":"post_tag","embeddable":true,"href":"http:\/\/fundaciolluiscoromina.org\/index.php\/wp-json\/wp\/v2\/tags?post=5824"}],"curies":[{"name":"wp","href":"https:\/\/api.w.org\/{rel}","templated":true}]}}