{"id":5833,"date":"2023-01-11T15:26:01","date_gmt":"2023-01-11T14:26:01","guid":{"rendered":"http:\/\/www.fundaciolluiscoromina.org\/?p=5833"},"modified":"2025-07-29T12:54:22","modified_gmt":"2025-07-29T10:54:22","slug":"tino-soriano-presenta-lexposicio-fotografica-curart-a-lhospital-de-figueres","status":"publish","type":"post","link":"http:\/\/fundaciolluiscoromina.org\/index.php\/2023\/01\/11\/tino-soriano-presenta-lexposicio-fotografica-curart-a-lhospital-de-figueres\/","title":{"rendered":"Tino Soriano presenta l\u2019exposici\u00f3 fotogr\u00e0fica \u2018CurArt\u2019 a l\u2019Hospital de Figueres"},"content":{"rendered":"<p>L\u2019exposici\u00f3 <em>CurArt<\/em> de Tino Soriano arriba a l\u2019Hospital de Figueres. Amb la col\u00b7laboraci\u00f3 de la Fundaci\u00f3 Llu\u00eds Coromina i de Bonart Cultural, que han participat en la coproducci\u00f3, aquesta mostra fotogr\u00e0fica \u00e9s un reportatge realitzat durant les \u00faltimes quatre d\u00e8cades que homenatja als professionals del m\u00f3n de la medicina i la sanitat. La inauguraci\u00f3 de l\u2019exposici\u00f3 tindr\u00e0 lloc aquest <strong>divendres 13 de gener a les 12:30 h<\/strong>, i comptar\u00e0 amb la participaci\u00f3 de Sergi Iglesia, director gerent de la Fundaci\u00f3 Salut Empord\u00e0; Ricard Planas, director de la Fundaci\u00f3 Llu\u00eds Coromina; Tino Soriano, fot\u00f2graf i autor de l\u2019exposici\u00f3, i Agn\u00e8s Llad\u00f3, presidenta del Patronat de la Fundaci\u00f3 Salut Empord\u00e0 i alcaldessa de Figueres. L\u2019exposici\u00f3 es podr\u00e0 visitar a l&#8217;edifici de Consultes Externes de l\u2019Hospital de Figueres fins al divendres 10 de mar\u00e7.<\/p>\n<p><a href=\"http:\/\/test.fundaciolluiscoromina.org\/wp-content\/uploads\/2023\/01\/Foto2.jpg\"><img loading=\"lazy\" decoding=\"async\" class=\"alignnone  wp-image-5835\" src=\"http:\/\/test.fundaciolluiscoromina.org\/wp-content\/uploads\/2023\/01\/Foto2-1024x682.jpg\" alt=\"\" width=\"441\" height=\"294\" srcset=\"http:\/\/fundaciolluiscoromina.org\/wp-content\/uploads\/2023\/01\/Foto2-1024x682.jpg 1024w, http:\/\/fundaciolluiscoromina.org\/wp-content\/uploads\/2023\/01\/Foto2-300x200.jpg 300w, http:\/\/fundaciolluiscoromina.org\/wp-content\/uploads\/2023\/01\/Foto2-768x512.jpg 768w, http:\/\/fundaciolluiscoromina.org\/wp-content\/uploads\/2023\/01\/Foto2-1536x1023.jpg 1536w, http:\/\/fundaciolluiscoromina.org\/wp-content\/uploads\/2023\/01\/Foto2.jpg 1600w\" sizes=\"auto, (max-width: 441px) 100vw, 441px\" \/><\/a><\/p>\n<p><strong><em>CurArt<\/em><\/strong><strong>, un homenatge al m\u00f3n de la medicina i la sanitat<\/strong><\/p>\n<p>L\u2019exposici\u00f3 <em>CurArte<\/em> \u00e9s un recull d\u2019imatges realitzades per Tino Soriano, reconegut fot\u00f2graf vinculat a la Fundaci\u00f3 Llu\u00eds Coromina. La mostra, que posa en relleu l\u2019art de curar, i dona visibilitat a l\u2019esfor\u00e7 i la const\u00e0ncia dels professionals del m\u00f3n sanitari, \u00e9s tamb\u00e9 un retrat de les viv\u00e8ncies i situacions de diversos \u00e0mbits de la medicina, com ara les visites domicili\u00e0ries, la feina dels metges rurals, els serveis d&#8217;emerg\u00e8ncies, i moltes altres facetes que tot sovint queden invisibilitzades. Iniciada fa quaranta anys a l\u2019Institut Mental de Barcelona i finalitzada durant la crisi sanit\u00e0ria de la Covid, l\u2019exposici\u00f3 de Soriano recull imatges de diversos moments d\u2019alguns espais sanitaris del pa\u00eds,\u00a0 i visibilitza situacions com naixements, defuncions o operacions quir\u00f2fans, aix\u00ed com l\u2019\u00fas de les noves tecnologies o el tractament de pacients amb malalties greus, entre d\u2019altres . \u201cCurar \u00e9s un art i cuidar la salut tamb\u00e9\u201d, explica Soriano, que amb aquesta mostra ha volgut realitzar un homenatge i un agra\u00efment a tot el col\u00b7lectiu de professionals sanitaris del pa\u00eds.<\/p>\n<p><strong>Tino Soriano<\/strong><\/p>\n<p>Guardonat per la UNESCO, Tino Soriano \u00e9s un fot\u00f2graf vinculat a la Fundaci\u00f3 Llu\u00eds Coromina que ha estat premiat per l\u2019Organitzaci\u00f3 Mundial de la Salut i per l\u2019Acad\u00e8mia de Ci\u00e8ncies M\u00e8diques de Catalunya i Balears, entre d\u2019altres, gr\u00e0cies als seus reportatges fotogr\u00e0fics i la seva tasca divulgativa en el m\u00f3n de la sanitat. Ha treballat como a fot\u00f2graf en dotzenes d\u2019hospitals de tot el m\u00f3n i ha col\u00b7laborat amb diverses entitats m\u00e8diques, amb l\u2019objectiu de documentar amb espontane\u00eftat uns espais que s\u00f3n de dif\u00edcil acc\u00e9s per a les c\u00e0meres fotogr\u00e0fiques. A dia d\u2019avui, Tino Soriano treballa en un projecte sobre medicina tradicional a diversos pa\u00efsos amb National Geographic, on hi col\u00b7labora des de fa m\u00e9s de vint anys.<\/p>\n","protected":false},"excerpt":{"rendered":"<p>L\u2019exposici\u00f3 CurArt de Tino Soriano arriba a l\u2019Hospital de Figueres. Amb la col\u00b7laboraci\u00f3 de la Fundaci\u00f3 Llu\u00eds Coromina i de &#8230;<\/p>\n","protected":false},"author":2,"featured_media":5834,"comment_status":"closed","ping_status":"open","sticky":false,"template":"","format":"standard","meta":{"footnotes":""},"categories":[14,9,12],"tags":[],"class_list":["post-5833","post","type-post","status-publish","format-standard","has-post-thumbnail","hentry","category-accions-culturals","category-historic","category-publicacions"],"_links":{"self":[{"href":"http:\/\/fundaciolluiscoromina.org\/index.php\/wp-json\/wp\/v2\/posts\/5833","targetHints":{"allow":["GET"]}}],"collection":[{"href":"http:\/\/fundaciolluiscoromina.org\/index.php\/wp-json\/wp\/v2\/posts"}],"about":[{"href":"http:\/\/fundaciolluiscoromina.org\/index.php\/wp-json\/wp\/v2\/types\/post"}],"author":[{"embeddable":true,"href":"http:\/\/fundaciolluiscoromina.org\/index.php\/wp-json\/wp\/v2\/users\/2"}],"replies":[{"embeddable":true,"href":"http:\/\/fundaciolluiscoromina.org\/index.php\/wp-json\/wp\/v2\/comments?post=5833"}],"version-history":[{"count":1,"href":"http:\/\/fundaciolluiscoromina.org\/index.php\/wp-json\/wp\/v2\/posts\/5833\/revisions"}],"predecessor-version":[{"id":7001,"href":"http:\/\/fundaciolluiscoromina.org\/index.php\/wp-json\/wp\/v2\/posts\/5833\/revisions\/7001"}],"wp:featuredmedia":[{"embeddable":true,"href":"http:\/\/fundaciolluiscoromina.org\/index.php\/wp-json\/wp\/v2\/media\/5834"}],"wp:attachment":[{"href":"http:\/\/fundaciolluiscoromina.org\/index.php\/wp-json\/wp\/v2\/media?parent=5833"}],"wp:term":[{"taxonomy":"category","embeddable":true,"href":"http:\/\/fundaciolluiscoromina.org\/index.php\/wp-json\/wp\/v2\/categories?post=5833"},{"taxonomy":"post_tag","embeddable":true,"href":"http:\/\/fundaciolluiscoromina.org\/index.php\/wp-json\/wp\/v2\/tags?post=5833"}],"curies":[{"name":"wp","href":"https:\/\/api.w.org\/{rel}","templated":true}]}}