{"id":5844,"date":"2023-02-06T12:58:04","date_gmt":"2023-02-06T11:58:04","guid":{"rendered":"http:\/\/www.fundaciolluiscoromina.org\/?p=5844"},"modified":"2025-07-29T12:54:22","modified_gmt":"2025-07-29T10:54:22","slug":"nou-cicle-de-concerts-de-jazz-i-musiques-improvisades","status":"publish","type":"post","link":"http:\/\/fundaciolluiscoromina.org\/index.php\/2023\/02\/06\/nou-cicle-de-concerts-de-jazz-i-musiques-improvisades\/","title":{"rendered":"Nou cicle de concerts de jazz i m\u00fasiques improvisades"},"content":{"rendered":"<p>La Fundaci\u00f3 Llu\u00eds Coromina presenta un nou cicle de concerts de jazz i m\u00fasiques improvisades a Barcelona i Banyoles. Durant els propers mesos, l\u2019Espai Isern Dalmau i l\u2019Espai Eat Art acolliran les actuacions del bateria <strong>Vasco Trilla<\/strong> (9 i 10 de febrer); la ballarina <strong>S\u00f2nia S\u00e1nchez<\/strong> i la percussionista <strong>N\u00faria Andorr\u00e0<\/strong> (9 i 10 de mar\u00e7); el bateria <strong>Vasco Furtado<\/strong> i la pianista <strong>Clara Lai<\/strong> (20 i 21 d\u2019abril), i el guitarrista <strong>Juanma Trujillo<\/strong> (25 i 26 de maig). Els concerts a Barcelona tindran lloc els dijous a les 20 h, mentre que les actuacions a Banyoles, que compten amb la col\u00b7laboraci\u00f3 del festival FEMJazz!, es duran a terme a les 21 h. Les entrades per cada espectacle tindran un preu de 5 \u20ac i es posaran a la venda el mateix dia, una hora abans de l\u2019inici del concert.<\/p>\n<p>En aquest nou cicle tamb\u00e9 hi participar\u00e0 el Cicle CUIR d\u2019Igualada, que oferir\u00e0 els mateixos concerts els dimecres a les 20:15 h a l\u2019Adoberia (carrer del Rec, 15), i comen\u00e7ar\u00e0 aquest 8 de febrer amb l\u2019actuaci\u00f3 de Vasco Trilla, amb taquilla inversa.<\/p>\n<p>&nbsp;<\/p>\n<p><strong>Vasco Trilla<\/strong><\/p>\n<p><a href=\"http:\/\/test.fundaciolluiscoromina.org\/wp-content\/uploads\/2023\/02\/Foto-mailing.jpg\"><img loading=\"lazy\" decoding=\"async\" class=\"alignnone wp-image-5845\" src=\"http:\/\/test.fundaciolluiscoromina.org\/wp-content\/uploads\/2023\/02\/Foto-mailing-1024x1024.jpg\" alt=\"\" width=\"350\" height=\"350\" srcset=\"http:\/\/fundaciolluiscoromina.org\/wp-content\/uploads\/2023\/02\/Foto-mailing-1024x1024.jpg 1024w, http:\/\/fundaciolluiscoromina.org\/wp-content\/uploads\/2023\/02\/Foto-mailing-300x300.jpg 300w, http:\/\/fundaciolluiscoromina.org\/wp-content\/uploads\/2023\/02\/Foto-mailing-150x150.jpg 150w, http:\/\/fundaciolluiscoromina.org\/wp-content\/uploads\/2023\/02\/Foto-mailing-768x768.jpg 768w, http:\/\/fundaciolluiscoromina.org\/wp-content\/uploads\/2023\/02\/Foto-mailing.jpg 1200w\" sizes=\"auto, (max-width: 350px) 100vw, 350px\" \/><\/a><\/p>\n<p><strong>Dimecres 8 de febrer (20:15 h, a l\u2019Adoberia d\u2019Igualada, taquilla inversa)<\/strong><\/p>\n<p><strong>Dijous 9 de febrer (20 h, a l\u2019Espai Isern Dalmau de Barcelona, 5 \u20ac)<\/strong><\/p>\n<p><strong>Divendres 10 de febrer (21 h, a l\u2019Espai Eat Art de Banyoles, 5 \u20ac)<\/strong><\/p>\n<p>El bateria Vasco Trilla \u00e9s un dels percussionistes m\u00e9s actius i vers\u00e0tils de l\u2019escena d\u2019improvisaci\u00f3 de Barcelona. Amb una \u00e0mplia traject\u00f2ria musical forjada a pa\u00efsos com Holanda, Portugal o Pol\u00f2nia, ha gravat m\u00e9s de 50 discos que abasten diversos estils com la improvisaci\u00f3 lliure, el jazz-rock, el rock progressiu o la m\u00fasica contempor\u00e0nia, entre d\u2019altres. Consolidat com una de les veus m\u00e9s s\u00f2lides i sol\u00b7licitades en el m\u00f3n de la m\u00fasica improvisada, Trilla es caracteritza per la seva imaginaci\u00f3, adaptabilitat i constant curiositat a l\u2019hora d\u2019ampliar els l\u00edmits del seu instrument.<\/p>\n<p>&nbsp;<\/p>\n<p><strong>S\u00f2nia S\u00e1nchez i N\u00faria Andorr\u00e0<\/strong><\/p>\n<p><a href=\"http:\/\/test.fundaciolluiscoromina.org\/wp-content\/uploads\/2023\/02\/Foto-mailing-1.jpg\"><img loading=\"lazy\" decoding=\"async\" class=\"alignnone wp-image-5846\" src=\"http:\/\/test.fundaciolluiscoromina.org\/wp-content\/uploads\/2023\/02\/Foto-mailing-1-1024x1024.jpg\" alt=\"\" width=\"350\" height=\"350\" srcset=\"http:\/\/fundaciolluiscoromina.org\/wp-content\/uploads\/2023\/02\/Foto-mailing-1-1024x1024.jpg 1024w, http:\/\/fundaciolluiscoromina.org\/wp-content\/uploads\/2023\/02\/Foto-mailing-1-300x300.jpg 300w, http:\/\/fundaciolluiscoromina.org\/wp-content\/uploads\/2023\/02\/Foto-mailing-1-150x150.jpg 150w, http:\/\/fundaciolluiscoromina.org\/wp-content\/uploads\/2023\/02\/Foto-mailing-1-768x768.jpg 768w, http:\/\/fundaciolluiscoromina.org\/wp-content\/uploads\/2023\/02\/Foto-mailing-1.jpg 1200w\" sizes=\"auto, (max-width: 350px) 100vw, 350px\" \/><\/a><\/p>\n<p><strong>Dimecres 8 de mar\u00e7 (20:15 h, a l\u2019Adoberia d\u2019Igualada, taquilla inversa)<\/strong><\/p>\n<p><strong>Dijous 9 de mar\u00e7 (20 h, 5 \u20ac, a l\u2019Espai Isern Dalmau de Barcelona)<\/strong><\/p>\n<p><strong>Divendres 10 de mar\u00e7 (21 h, 5 \u20ac, a l\u2019Espai Eat Art de Banyoles)<\/strong><\/p>\n<p>La ballarina S\u00f2nia S\u00e1nchez i la percussionista N\u00faria Andorr\u00e0 formen un duet que transita totes les tessitures musicals: des de passatges purament r\u00edtmics i contundents, amb instants ferms i poderosos, fins a moments delicats i suaus, on la fragilitat es fa viva, amb melodies i gestos on la car\u00edcia, el gest i els sons subtils es tornen protagonistes. Amb una posada en escena basada en els extrems, les dues artistes es troben a l\u2019escenari de manera lliure i busquen sonoritats i moviments que neixen de l\u2019escolta i el moment present.<\/p>\n<p>&nbsp;<\/p>\n<p><strong>Vasco Furtado i Clara Lai<\/strong><\/p>\n<p><a href=\"http:\/\/test.fundaciolluiscoromina.org\/wp-content\/uploads\/2023\/02\/Foto-mailing-2.jpg\"><img loading=\"lazy\" decoding=\"async\" class=\"alignnone wp-image-5847\" src=\"http:\/\/test.fundaciolluiscoromina.org\/wp-content\/uploads\/2023\/02\/Foto-mailing-2-1024x1024.jpg\" alt=\"\" width=\"350\" height=\"350\" srcset=\"http:\/\/fundaciolluiscoromina.org\/wp-content\/uploads\/2023\/02\/Foto-mailing-2-1024x1024.jpg 1024w, http:\/\/fundaciolluiscoromina.org\/wp-content\/uploads\/2023\/02\/Foto-mailing-2-300x300.jpg 300w, http:\/\/fundaciolluiscoromina.org\/wp-content\/uploads\/2023\/02\/Foto-mailing-2-150x150.jpg 150w, http:\/\/fundaciolluiscoromina.org\/wp-content\/uploads\/2023\/02\/Foto-mailing-2-768x768.jpg 768w, http:\/\/fundaciolluiscoromina.org\/wp-content\/uploads\/2023\/02\/Foto-mailing-2.jpg 1200w\" sizes=\"auto, (max-width: 350px) 100vw, 350px\" \/><\/a><\/p>\n<p><strong>Dimecres 19 d\u2019abril (20:15 h, a l\u2019Adoberia d\u2019Igualada, taquilla inversa)<\/strong><\/p>\n<p><strong>Dijous 20 d\u2019abril (20 h, a l\u2019Espai Isern Dalmau de Barcelona, 5 \u20ac)<\/strong><\/p>\n<p><strong>Divendres 21 d\u2019abril (21 h, 5 \u20ac, a l\u2019Espai Eat Art de Banyoles, 5 \u20ac)<\/strong><\/p>\n<p>El duet format pel bateria Vasco Furtado i la pianista Clara Lai comparteix silencis i sonoritats improvisades en un directe basat en la creativitat i la versatilitat. Dos m\u00fasics actius i consolidats que formen part de les principals escenes de m\u00fasica improvisada a Lisboa i Barcelona i que, despr\u00e9s de creuar els seus camins fa uns anys a Portugal, s\u2019uneixen per presentar un directe en qu\u00e8 fusionen els sons de la bateria i el piano el\u00e8ctric, amb una posada en escena sorprenent i contundent.<\/p>\n<p>&nbsp;<\/p>\n<p><strong>Juanma Trujillo<\/strong><\/p>\n<p><a href=\"http:\/\/test.fundaciolluiscoromina.org\/wp-content\/uploads\/2023\/02\/Foto-mailing-3.jpg\"><img loading=\"lazy\" decoding=\"async\" class=\"alignnone wp-image-5848\" src=\"http:\/\/test.fundaciolluiscoromina.org\/wp-content\/uploads\/2023\/02\/Foto-mailing-3-1024x1024.jpg\" alt=\"\" width=\"350\" height=\"350\" srcset=\"http:\/\/fundaciolluiscoromina.org\/wp-content\/uploads\/2023\/02\/Foto-mailing-3-1024x1024.jpg 1024w, http:\/\/fundaciolluiscoromina.org\/wp-content\/uploads\/2023\/02\/Foto-mailing-3-300x300.jpg 300w, http:\/\/fundaciolluiscoromina.org\/wp-content\/uploads\/2023\/02\/Foto-mailing-3-150x150.jpg 150w, http:\/\/fundaciolluiscoromina.org\/wp-content\/uploads\/2023\/02\/Foto-mailing-3-768x768.jpg 768w, http:\/\/fundaciolluiscoromina.org\/wp-content\/uploads\/2023\/02\/Foto-mailing-3.jpg 1200w\" sizes=\"auto, (max-width: 350px) 100vw, 350px\" \/><\/a><\/p>\n<p><strong>Dimecres 24 de maig (20:15 h, a l\u2019Adoberia d\u2019Igualada, taquilla inversa)<\/strong><\/p>\n<p><strong>Dijous 25 de maig (20 h, a l\u2019Espai Isern Dalmau de Barcelona, 5 \u20ac)<\/strong><\/p>\n<p><strong>Divendres 26 de maig (21 h, a l\u2019Espai Eat Art de Banyoles, 5 \u20ac)<\/strong><\/p>\n<p>El concert del guitarrista Juanma Trujillo tindr\u00e0 lloc en el marc del Festival FEMJazz! de Banyoles. Membre actiu de l\u2019escena de jazz i m\u00fasica improvisada internacional, el m\u00fasic vene\u00e7ol\u00e0 ha desenvolupat un estil d\u2019interpretaci\u00f3 \u00fanic que abra\u00e7a diversos llinatges musicals. Despr\u00e9s de tocar amb artistes de renom com Francisco Mela, Arturo O\u2019Farrill, William Parker, Cooper-Moore, Satoshi Takeishi o Gerald Cleaver, entre d\u2019altres, l\u2019artista es caracteritza per innovar cont\u00ednuament entre els seus contemporanis, al mateix temps que incorpora el mestratge dels seus predecessors en les seves exploracions art\u00edstiques progressistes.<\/p>\n","protected":false},"excerpt":{"rendered":"<p>La Fundaci\u00f3 Llu\u00eds Coromina presenta un nou cicle de concerts de jazz i m\u00fasiques improvisades a Barcelona i Banyoles. Durant &#8230;<\/p>\n","protected":false},"author":2,"featured_media":5849,"comment_status":"closed","ping_status":"open","sticky":false,"template":"","format":"standard","meta":{"footnotes":""},"categories":[14,15,10,9,12],"tags":[],"class_list":["post-5844","post","type-post","status-publish","format-standard","has-post-thumbnail","hentry","category-accions-culturals","category-accions-socials","category-activitats","category-historic","category-publicacions"],"_links":{"self":[{"href":"http:\/\/fundaciolluiscoromina.org\/index.php\/wp-json\/wp\/v2\/posts\/5844","targetHints":{"allow":["GET"]}}],"collection":[{"href":"http:\/\/fundaciolluiscoromina.org\/index.php\/wp-json\/wp\/v2\/posts"}],"about":[{"href":"http:\/\/fundaciolluiscoromina.org\/index.php\/wp-json\/wp\/v2\/types\/post"}],"author":[{"embeddable":true,"href":"http:\/\/fundaciolluiscoromina.org\/index.php\/wp-json\/wp\/v2\/users\/2"}],"replies":[{"embeddable":true,"href":"http:\/\/fundaciolluiscoromina.org\/index.php\/wp-json\/wp\/v2\/comments?post=5844"}],"version-history":[{"count":1,"href":"http:\/\/fundaciolluiscoromina.org\/index.php\/wp-json\/wp\/v2\/posts\/5844\/revisions"}],"predecessor-version":[{"id":7000,"href":"http:\/\/fundaciolluiscoromina.org\/index.php\/wp-json\/wp\/v2\/posts\/5844\/revisions\/7000"}],"wp:featuredmedia":[{"embeddable":true,"href":"http:\/\/fundaciolluiscoromina.org\/index.php\/wp-json\/wp\/v2\/media\/5849"}],"wp:attachment":[{"href":"http:\/\/fundaciolluiscoromina.org\/index.php\/wp-json\/wp\/v2\/media?parent=5844"}],"wp:term":[{"taxonomy":"category","embeddable":true,"href":"http:\/\/fundaciolluiscoromina.org\/index.php\/wp-json\/wp\/v2\/categories?post=5844"},{"taxonomy":"post_tag","embeddable":true,"href":"http:\/\/fundaciolluiscoromina.org\/index.php\/wp-json\/wp\/v2\/tags?post=5844"}],"curies":[{"name":"wp","href":"https:\/\/api.w.org\/{rel}","templated":true}]}}