{"id":5861,"date":"2023-03-13T10:12:31","date_gmt":"2023-03-13T09:12:31","guid":{"rendered":"http:\/\/www.fundaciolluiscoromina.org\/?p=5861"},"modified":"2025-07-29T12:54:22","modified_gmt":"2025-07-29T10:54:22","slug":"inauguracio-de-ripplings-de-santi-moix-a-lespai-isern-dalmau-de-barcelona","status":"publish","type":"post","link":"http:\/\/fundaciolluiscoromina.org\/index.php\/2023\/03\/13\/inauguracio-de-ripplings-de-santi-moix-a-lespai-isern-dalmau-de-barcelona\/","title":{"rendered":"Inauguraci\u00f3 de &#8216;Ripplings&#8217;, de Santi Moix a l&#8217;Espai Isern Dalmau de Barcelona"},"content":{"rendered":"<p>La <strong>Fundaci\u00f3 Privada Jeroni de Moragas<\/strong> i la <strong>Fundaci\u00f3 Llu\u00eds Coromina<\/strong> presenten <em><strong>Ripplings<\/strong><\/em>, de <strong>Santi Moix<\/strong> a l&#8217;Espai Isern Dalmau de Barcelona. Una mostra que t\u00e9 per objectiu visibilitzar un projecte art\u00edstic d&#8217;iniciativa social, entenent l&#8217;art com un mitj\u00e0 per a l&#8217;expressi\u00f3 sense barreres.<\/p>\n<p>L&#8217;obra, de gran format i creada per l&#8217;artista Santi Moix amb la col\u00b7laboraci\u00f3 de persones tutelades per la Fundaci\u00f3 Privada Jeroni de Moragas, representa l&#8217;enteniment i la convicci\u00f3 que \u00e9s possible generar espais i societats que s&#8217;enriqueixin de la diversitat; on tots aprenguem de tots. Tamb\u00e9 s&#8217;exposen dues obres de mitj\u00e0 format creades expressament per completar l&#8217;obra mural.<\/p>\n<p>Santi Moix i Sala va n\u00e9ixer a Barcelona el 1960. \u00c9s un pintor, escultor, dibuixant i gravador catal\u00e0 afincat a Nova York. Creador polifac\u00e8tic, \u00e9s en la pintura on troba el seu lloc de reflexi\u00f3. Malgrat que la seva pintura \u00e9s, sobretot, abstracta, Moix ha demostrat en nombroses ocasions la seva gran capacitat per al dibuix. Ha realitzat exposicions individuals als Estats Units, Espanya, Su\u00e8cia, B\u00e8lgica, el Jap\u00f3 i Fran\u00e7a, entre d&#8217;altres.<\/p>\n<p>\u00ab<em>Ripplings <\/em>reflecteix la motivaci\u00f3 de continuar lluitant pels drets de les persones amb diversitat i de construir un m\u00f3n que, com l&#8217;art, accepti que en les difer\u00e8ncies es troba la bellesa.\u00bb<\/p>\n<p>La inauguraci\u00f3 tindr\u00e0 lloc el pr\u00f2xim dijous 16 de mar\u00e7 a les 20 h a l&#8217;Espai Isern Dalmau de Barcelona i l&#8217;exposici\u00f3 es podr\u00e0 veure fins al 29 d&#8217;abril.<\/p>\n","protected":false},"excerpt":{"rendered":"<p>La Fundaci\u00f3 Privada Jeroni de Moragas i la Fundaci\u00f3 Llu\u00eds Coromina presenten Ripplings, de Santi Moix a l&#8217;Espai Isern Dalmau &#8230;<\/p>\n","protected":false},"author":2,"featured_media":5862,"comment_status":"closed","ping_status":"open","sticky":false,"template":"","format":"standard","meta":{"footnotes":""},"categories":[14,15,10,228],"tags":[],"class_list":["post-5861","post","type-post","status-publish","format-standard","has-post-thumbnail","hentry","category-accions-culturals","category-accions-socials","category-activitats","category-exposicions-espai-isern-dalmau"],"_links":{"self":[{"href":"http:\/\/fundaciolluiscoromina.org\/index.php\/wp-json\/wp\/v2\/posts\/5861","targetHints":{"allow":["GET"]}}],"collection":[{"href":"http:\/\/fundaciolluiscoromina.org\/index.php\/wp-json\/wp\/v2\/posts"}],"about":[{"href":"http:\/\/fundaciolluiscoromina.org\/index.php\/wp-json\/wp\/v2\/types\/post"}],"author":[{"embeddable":true,"href":"http:\/\/fundaciolluiscoromina.org\/index.php\/wp-json\/wp\/v2\/users\/2"}],"replies":[{"embeddable":true,"href":"http:\/\/fundaciolluiscoromina.org\/index.php\/wp-json\/wp\/v2\/comments?post=5861"}],"version-history":[{"count":1,"href":"http:\/\/fundaciolluiscoromina.org\/index.php\/wp-json\/wp\/v2\/posts\/5861\/revisions"}],"predecessor-version":[{"id":6998,"href":"http:\/\/fundaciolluiscoromina.org\/index.php\/wp-json\/wp\/v2\/posts\/5861\/revisions\/6998"}],"wp:featuredmedia":[{"embeddable":true,"href":"http:\/\/fundaciolluiscoromina.org\/index.php\/wp-json\/wp\/v2\/media\/5862"}],"wp:attachment":[{"href":"http:\/\/fundaciolluiscoromina.org\/index.php\/wp-json\/wp\/v2\/media?parent=5861"}],"wp:term":[{"taxonomy":"category","embeddable":true,"href":"http:\/\/fundaciolluiscoromina.org\/index.php\/wp-json\/wp\/v2\/categories?post=5861"},{"taxonomy":"post_tag","embeddable":true,"href":"http:\/\/fundaciolluiscoromina.org\/index.php\/wp-json\/wp\/v2\/tags?post=5861"}],"curies":[{"name":"wp","href":"https:\/\/api.w.org\/{rel}","templated":true}]}}