{"id":5878,"date":"2023-03-14T12:39:41","date_gmt":"2023-03-14T11:39:41","guid":{"rendered":"http:\/\/www.fundaciolluiscoromina.org\/?p=5878"},"modified":"2025-07-29T12:54:22","modified_gmt":"2025-07-29T10:54:22","slug":"lexposicio-fotografica-de-banyoles-de-tino-soriano-sinaugura-a-lespai-eat-art","status":"publish","type":"post","link":"http:\/\/fundaciolluiscoromina.org\/index.php\/2023\/03\/14\/lexposicio-fotografica-de-banyoles-de-tino-soriano-sinaugura-a-lespai-eat-art\/","title":{"rendered":"L\u2019exposici\u00f3 fotogr\u00e0fica \u201cDe Banyoles\u201d de Tino Soriano s\u2019inaugura a l\u2019Espai Eat Art"},"content":{"rendered":"<p dir=\"auto\"><span lang=\"CA\">La Fundaci\u00f3 Llu\u00eds Coromina, juntament amb l\u2019Ajuntament de Banyoles, l\u2019\u00e0rea Banyoles Comunitat en Acci\u00f3 i la Diputaci\u00f3 de Girona, amb la col\u00b7laboraci\u00f3 del Centre Fujifilm de Banyoles, presenta l\u2019exposici\u00f3\u00a0<i>De<\/i>\u00a0<i>Banyoles\u00a0<\/i>de la m\u00e0 del reconegut fot\u00f2graf Tino Soriano. Es tracta d\u2019una mostra de fotografies realitzades en diferents punts de la ciutat, que vol plasmar la diversitat de persones que conviuen a la capital del Pla de l\u2019Estany. La inauguraci\u00f3 ser\u00e0 el proper dilluns 20 de mar\u00e7 a les 19:30 h a l&#8217;Espai Eat Art de Banyoles.<b><br \/>\n<\/b><\/span><\/p>\n<p dir=\"auto\"><span lang=\"CA\">Reconegut fot\u00f2graf vinculat a la Fundaci\u00f3 Llu\u00eds Coromina, Tino Soriano s\u2019endinsa a la ciutat per explorar els diferents matisos que s\u2019hi poden trobar. La difer\u00e8ncia aporta riquesa,<b> <\/b>i aquesta mostra \u00e9s una oportunitat de veure una mateixa realitat des de diferents mirades. Les fotografies, realitzades en diferents punts i espais de la ciutat, presenten persones de diverses religions, professions i nacionalitats, a les quals s\u2019ha afegit un objecte relacionat amb la seva identitat. Soriano vol representar la ciutat com un espai de conviv\u00e8ncia i de comunitat, on cadasc\u00fa ha d\u2019observar el seu entorn i con\u00e8ixer a l\u2019altre.<\/span><\/p>\n<p>Nascut a Barcelona i resident a Banyoles,\u00a0Tino Soriano\u00a0divideix el seu treball entre la fotografia de viatges i el fotoperiodisme, especialment sobre el m\u00f3n de la Medicina. Ha estat premiat per la UNESCO, l&#8217;OMS, la Fundaci\u00f3 World Press Photo i ha guanyat cinc guardons FotoPres. A dia d\u2019avui, Tino Soriano treballa en un projecte sobre medicina tradicional a diversos pa\u00efsos amb National Geographic, on hi col\u00b7labora des de fa m\u00e9s de vint anys.<\/p>\n<p><span lang=\"CA\">La inauguraci\u00f3 de l\u2019exposici\u00f3 tindr\u00e0 lloc el pr\u00f2xim dilluns 20 de mar\u00e7 a les 19:30 h a l\u2019Espai Eat Art de Banyoles i es podr\u00e0 visitar fins al\u00a0dissabte 20 de maig.<\/span><\/p>\n","protected":false},"excerpt":{"rendered":"<p>La Fundaci\u00f3 Llu\u00eds Coromina, juntament amb l\u2019Ajuntament de Banyoles, l\u2019\u00e0rea Banyoles Comunitat en Acci\u00f3 i la Diputaci\u00f3 de Girona, amb &#8230;<\/p>\n","protected":false},"author":2,"featured_media":5879,"comment_status":"closed","ping_status":"open","sticky":false,"template":"","format":"standard","meta":{"footnotes":""},"categories":[17],"tags":[],"class_list":["post-5878","post","type-post","status-publish","format-standard","has-post-thumbnail","hentry","category-exposicions-espai-eat-art"],"_links":{"self":[{"href":"http:\/\/fundaciolluiscoromina.org\/index.php\/wp-json\/wp\/v2\/posts\/5878","targetHints":{"allow":["GET"]}}],"collection":[{"href":"http:\/\/fundaciolluiscoromina.org\/index.php\/wp-json\/wp\/v2\/posts"}],"about":[{"href":"http:\/\/fundaciolluiscoromina.org\/index.php\/wp-json\/wp\/v2\/types\/post"}],"author":[{"embeddable":true,"href":"http:\/\/fundaciolluiscoromina.org\/index.php\/wp-json\/wp\/v2\/users\/2"}],"replies":[{"embeddable":true,"href":"http:\/\/fundaciolluiscoromina.org\/index.php\/wp-json\/wp\/v2\/comments?post=5878"}],"version-history":[{"count":1,"href":"http:\/\/fundaciolluiscoromina.org\/index.php\/wp-json\/wp\/v2\/posts\/5878\/revisions"}],"predecessor-version":[{"id":6997,"href":"http:\/\/fundaciolluiscoromina.org\/index.php\/wp-json\/wp\/v2\/posts\/5878\/revisions\/6997"}],"wp:featuredmedia":[{"embeddable":true,"href":"http:\/\/fundaciolluiscoromina.org\/index.php\/wp-json\/wp\/v2\/media\/5879"}],"wp:attachment":[{"href":"http:\/\/fundaciolluiscoromina.org\/index.php\/wp-json\/wp\/v2\/media?parent=5878"}],"wp:term":[{"taxonomy":"category","embeddable":true,"href":"http:\/\/fundaciolluiscoromina.org\/index.php\/wp-json\/wp\/v2\/categories?post=5878"},{"taxonomy":"post_tag","embeddable":true,"href":"http:\/\/fundaciolluiscoromina.org\/index.php\/wp-json\/wp\/v2\/tags?post=5878"}],"curies":[{"name":"wp","href":"https:\/\/api.w.org\/{rel}","templated":true}]}}