{"id":5889,"date":"2023-03-09T09:00:52","date_gmt":"2023-03-09T08:00:52","guid":{"rendered":"http:\/\/www.fundaciolluiscoromina.org\/?p=5889"},"modified":"2025-07-29T12:54:22","modified_gmt":"2025-07-29T10:54:22","slug":"jornada-fem-xarxa-creem-oportunitats-la-trobada-de-les-fundacions-culturals-de-girona","status":"publish","type":"post","link":"http:\/\/fundaciolluiscoromina.org\/index.php\/2023\/03\/09\/jornada-fem-xarxa-creem-oportunitats-la-trobada-de-les-fundacions-culturals-de-girona\/","title":{"rendered":"Jornada \u201cFem xarxa, creem oportunitats! La trobada de les fundacions culturals de Girona\u00bb"},"content":{"rendered":"<p>El Puntal &#8211; Laboratori de les Arts de la Fundaci\u00f3 Llu\u00eds Coromina a Banyoles ha acollit, aquest dimarts 7 de mar\u00e7, la trobada <strong>\u00abFem xarxa, creem oportunitats! La trobada de les fundacions culturals de Girona\u00bb<\/strong>, una jornada organitzada per la <strong>Comissi\u00f3 de Cultura<\/strong> de la Coordinadora Catalana de\u00a0 Fundacions (CCF).\u00a0 L&#8217;acte, nascut amb l&#8217;objectiu de con\u00e8ixer altres entitats del sector, compartir projectes i crear xarxa, ha comptat amb l&#8217;assist\u00e8ncia de diverses fundacions culturals d&#8217;\u00e0mbits molt diversos, com ara el cinema, la m\u00fasica, el teatre, els museus o la literatura, entre d&#8217;altres. La presentaci\u00f3 ha anat a c\u00e0rrec de la gerent de la Coordinadora Catalana de Fundacions, <strong>Sara P\u00e9rez<\/strong>; el director de la Fundaci\u00f3 Llu\u00eds Coromina, <strong>Ricard Planas,<\/strong> i la directora de la Fundaci\u00f3 Carulla i vocal de la Junta directiva de la CCF, <strong>Marta Esteve<\/strong>.<\/p>\n<p><a href=\"http:\/\/test.fundaciolluiscoromina.org\/wp-content\/uploads\/2023\/03\/Jor-Fem-Xarxa-020.jpg\"><img loading=\"lazy\" decoding=\"async\" class=\"alignnone wp-image-5892 size-large\" src=\"http:\/\/test.fundaciolluiscoromina.org\/wp-content\/uploads\/2023\/03\/Jor-Fem-Xarxa-020-1024x683.jpg\" alt=\"\" width=\"1024\" height=\"683\" srcset=\"http:\/\/fundaciolluiscoromina.org\/wp-content\/uploads\/2023\/03\/Jor-Fem-Xarxa-020-1024x683.jpg 1024w, http:\/\/fundaciolluiscoromina.org\/wp-content\/uploads\/2023\/03\/Jor-Fem-Xarxa-020-300x200.jpg 300w, http:\/\/fundaciolluiscoromina.org\/wp-content\/uploads\/2023\/03\/Jor-Fem-Xarxa-020-768x512.jpg 768w, http:\/\/fundaciolluiscoromina.org\/wp-content\/uploads\/2023\/03\/Jor-Fem-Xarxa-020-1536x1024.jpg 1536w, http:\/\/fundaciolluiscoromina.org\/wp-content\/uploads\/2023\/03\/Jor-Fem-Xarxa-020-2048x1365.jpg 2048w\" sizes=\"auto, (max-width: 1024px) 100vw, 1024px\" \/><\/a><\/p>\n<p>Durant l&#8217;esdeveniment, sis fundacions han compartit els seus projectes:<\/p>\n<ul>\n<li><strong>Fundaci\u00f3 Ciutat Invisible<\/strong> (\u00abFestival Temporada Alta\u00bb), a c\u00e0rrec de Marta Montalb\u00e1n, membre del Patronat, i Eduard Balaguer, director adjunt.<\/li>\n<li><strong>Fundaci\u00f3 Festival de Cinema de Girona<\/strong> (\u00abFestival de cinema de Girona\u00bb), a c\u00e0rrec de Llu\u00eds Valent\u00ed Bohigas, president i director de l&#8217;activitat.<\/li>\n<li><strong>Fundaci\u00f3 Auditori Palau de Congressos de Girona<\/strong> (\u00abAuditori Obert\u00bb), a c\u00e0rrec de David Ib\u00e1\u00f1ez, director.<\/li>\n<li><strong>Fundaci\u00f3 Vallviva<\/strong> (\u00abFestival Vallviva\u00bb), a c\u00e0rrec de Mireia Morera, organitzadora del festival.<\/li>\n<li><strong>Fundaci\u00f3 Josep Pallach<\/strong> (\u00abLECXIT\u00bb i \u00abSecrets a dues veus\u00bb), a c\u00e0rrec de Josep Maria Soler, president.<\/li>\n<li><strong>Fundaci\u00f3 Llibreria Les Voltes<\/strong> (\u00abLes Voltes Educa\u00bb), a c\u00e0rrec de Joan Matamala, president.<\/li>\n<\/ul>\n<p>Pel que fa a la segona part de l&#8217;acte, s&#8217;ha dividit en quatre taules de treball \u201c<strong>Reptes, barreres i propostes de soluci\u00f3\u201d<\/strong>, un format amb diferents tem\u00e0tiques amb la finalitat de compartir iniciatives i recursos, aix\u00ed com diverses solucions per afrontar possibles obstacles. Aquestes quatre tem\u00e0tiques han estat la de mecenatge i captaci\u00f3 de fons; comunicaci\u00f3 i complicitat social; sostenibilitat i, per \u00faltim, aliances i treball en xarxa.<\/p>\n<p><a href=\"http:\/\/test.fundaciolluiscoromina.org\/wp-content\/uploads\/2023\/03\/Jor-Fem-Xarxa-050.jpg\"><img loading=\"lazy\" decoding=\"async\" class=\"alignnone wp-image-5893 size-large\" src=\"http:\/\/test.fundaciolluiscoromina.org\/wp-content\/uploads\/2023\/03\/Jor-Fem-Xarxa-050-1024x683.jpg\" alt=\"\" width=\"1024\" height=\"683\" srcset=\"http:\/\/fundaciolluiscoromina.org\/wp-content\/uploads\/2023\/03\/Jor-Fem-Xarxa-050-1024x683.jpg 1024w, http:\/\/fundaciolluiscoromina.org\/wp-content\/uploads\/2023\/03\/Jor-Fem-Xarxa-050-300x200.jpg 300w, http:\/\/fundaciolluiscoromina.org\/wp-content\/uploads\/2023\/03\/Jor-Fem-Xarxa-050-768x512.jpg 768w, http:\/\/fundaciolluiscoromina.org\/wp-content\/uploads\/2023\/03\/Jor-Fem-Xarxa-050-1536x1024.jpg 1536w, http:\/\/fundaciolluiscoromina.org\/wp-content\/uploads\/2023\/03\/Jor-Fem-Xarxa-050-2048x1365.jpg 2048w\" sizes=\"auto, (max-width: 1024px) 100vw, 1024px\" \/><\/a><\/p>\n<p>La trobada tamb\u00e9 ha comptat amb la pres\u00e8ncia de <strong>Josep Calatayud<\/strong>, director dels Serveis Territorials de Cultura a Girona de la Generalitat de Catalunya, i de <strong>Miquel Cuenca<\/strong>, regidor de Cultura, Patrimoni Cultural i Festes de l\u2019Ajuntament de Banyoles.<\/p>\n<p><a href=\"http:\/\/test.fundaciolluiscoromina.org\/wp-content\/uploads\/2023\/03\/Jor-Fem-Xarxa-022.jpg\"><img loading=\"lazy\" decoding=\"async\" class=\"alignnone wp-image-5894 size-large\" src=\"http:\/\/test.fundaciolluiscoromina.org\/wp-content\/uploads\/2023\/03\/Jor-Fem-Xarxa-022-1024x683.jpg\" alt=\"\" width=\"1024\" height=\"683\" srcset=\"http:\/\/fundaciolluiscoromina.org\/wp-content\/uploads\/2023\/03\/Jor-Fem-Xarxa-022-1024x683.jpg 1024w, http:\/\/fundaciolluiscoromina.org\/wp-content\/uploads\/2023\/03\/Jor-Fem-Xarxa-022-300x200.jpg 300w, http:\/\/fundaciolluiscoromina.org\/wp-content\/uploads\/2023\/03\/Jor-Fem-Xarxa-022-768x512.jpg 768w, http:\/\/fundaciolluiscoromina.org\/wp-content\/uploads\/2023\/03\/Jor-Fem-Xarxa-022-1536x1024.jpg 1536w, http:\/\/fundaciolluiscoromina.org\/wp-content\/uploads\/2023\/03\/Jor-Fem-Xarxa-022-2048x1365.jpg 2048w\" sizes=\"auto, (max-width: 1024px) 100vw, 1024px\" \/><\/a><\/p>\n","protected":false},"excerpt":{"rendered":"<p>El Puntal &#8211; Laboratori de les Arts de la Fundaci\u00f3 Llu\u00eds Coromina a Banyoles ha acollit, aquest dimarts 7 de &#8230;<\/p>\n","protected":false},"author":2,"featured_media":5892,"comment_status":"closed","ping_status":"open","sticky":false,"template":"","format":"standard","meta":{"footnotes":""},"categories":[14],"tags":[],"class_list":["post-5889","post","type-post","status-publish","format-standard","has-post-thumbnail","hentry","category-accions-culturals"],"_links":{"self":[{"href":"http:\/\/fundaciolluiscoromina.org\/index.php\/wp-json\/wp\/v2\/posts\/5889","targetHints":{"allow":["GET"]}}],"collection":[{"href":"http:\/\/fundaciolluiscoromina.org\/index.php\/wp-json\/wp\/v2\/posts"}],"about":[{"href":"http:\/\/fundaciolluiscoromina.org\/index.php\/wp-json\/wp\/v2\/types\/post"}],"author":[{"embeddable":true,"href":"http:\/\/fundaciolluiscoromina.org\/index.php\/wp-json\/wp\/v2\/users\/2"}],"replies":[{"embeddable":true,"href":"http:\/\/fundaciolluiscoromina.org\/index.php\/wp-json\/wp\/v2\/comments?post=5889"}],"version-history":[{"count":1,"href":"http:\/\/fundaciolluiscoromina.org\/index.php\/wp-json\/wp\/v2\/posts\/5889\/revisions"}],"predecessor-version":[{"id":6999,"href":"http:\/\/fundaciolluiscoromina.org\/index.php\/wp-json\/wp\/v2\/posts\/5889\/revisions\/6999"}],"wp:featuredmedia":[{"embeddable":true,"href":"http:\/\/fundaciolluiscoromina.org\/index.php\/wp-json\/wp\/v2\/media\/5892"}],"wp:attachment":[{"href":"http:\/\/fundaciolluiscoromina.org\/index.php\/wp-json\/wp\/v2\/media?parent=5889"}],"wp:term":[{"taxonomy":"category","embeddable":true,"href":"http:\/\/fundaciolluiscoromina.org\/index.php\/wp-json\/wp\/v2\/categories?post=5889"},{"taxonomy":"post_tag","embeddable":true,"href":"http:\/\/fundaciolluiscoromina.org\/index.php\/wp-json\/wp\/v2\/tags?post=5889"}],"curies":[{"name":"wp","href":"https:\/\/api.w.org\/{rel}","templated":true}]}}