{"id":5901,"date":"2023-04-05T11:33:01","date_gmt":"2023-04-05T09:33:01","guid":{"rendered":"http:\/\/www.fundaciolluiscoromina.org\/?p=5901"},"modified":"2025-07-29T12:54:21","modified_gmt":"2025-07-29T10:54:21","slug":"vasco-furtado-i-clara-lai-continuen-el-cicle-de-jazz-i-musiques-improvisades","status":"publish","type":"post","link":"http:\/\/fundaciolluiscoromina.org\/index.php\/2023\/04\/05\/vasco-furtado-i-clara-lai-continuen-el-cicle-de-jazz-i-musiques-improvisades\/","title":{"rendered":"Vasco Furtado i Clara Lai continuen el cicle de jazz i m\u00fasiques improvisades"},"content":{"rendered":"<p class=\"TextDocumentAlterSinergies\"><span lang=\"CA\">El cicle de concerts de jazz i m\u00fasiques improvisades continua aquest abril amb el duet format pel bateria Vasco Furtado i la pianista Clara Lai. La proposta arriba a l\u2019Adoberia d\u2019Igualada, l\u2019Espai Isern Dalmau de Barcelona i l\u2019Espai Eat Art de Banyoles, on els artistes compartiran els silencis i les sonoritats improvisades en un directe ple de creativitat i versatilitat. <\/span><\/p>\n<p class=\"TextDocumentAlterSinergies\"><span lang=\"CA\">Els dos m\u00fasics, que formen part de les principals escenes de m\u00fasica improvisada a Lisboa i Barcelona, s\u2019uneixen, despr\u00e9s de coincidir fa uns anys, per presentar un directe en qu\u00e8 fusionen els sons de la bateria i el piano el\u00e8ctric, amb una posada en escena sorprenent i contundent.<\/span><\/p>\n<p class=\"TextDocumentAlterSinergies\"><span lang=\"CA\">Els concerts tindran lloc el dimecres 19 d\u2019abril a les 20:15 h a l\u2019Adoberia d\u2019Igualada (taquilla inversa), el dijous 20 d\u2019abril a les 20 h a l\u2019Espai Isern Dalmau de Barcelona i el divendres 21 d\u2019abril a les 21 h a l\u2019Espai Eat Art de Banyoles. Les entrades als espais de Barcelona i Banyoles tindran un preu de 5 \u20ac i es posaran a la venda el mateix dia, una hora abans de l\u2019inici del concert.<\/span><\/p>\n<p class=\"TextDocumentAlterSinergies\"><span lang=\"CA\">El cicle de concerts de jazz i m\u00fasiques improvisades continuar\u00e0 el 24, 25 i 26 de maig amb el guitarrista vene\u00e7ol\u00e0 Juanma Trujillo, un membre actiu de l\u2019escena de jazz i m\u00fasica improvisada internacional.<\/span><\/p>\n","protected":false},"excerpt":{"rendered":"<p>El cicle de concerts de jazz i m\u00fasiques improvisades continua aquest abril amb el duet format pel bateria Vasco Furtado &#8230;<\/p>\n","protected":false},"author":2,"featured_media":5903,"comment_status":"closed","ping_status":"open","sticky":false,"template":"","format":"standard","meta":{"footnotes":""},"categories":[10],"tags":[],"class_list":["post-5901","post","type-post","status-publish","format-standard","has-post-thumbnail","hentry","category-activitats"],"_links":{"self":[{"href":"http:\/\/fundaciolluiscoromina.org\/index.php\/wp-json\/wp\/v2\/posts\/5901","targetHints":{"allow":["GET"]}}],"collection":[{"href":"http:\/\/fundaciolluiscoromina.org\/index.php\/wp-json\/wp\/v2\/posts"}],"about":[{"href":"http:\/\/fundaciolluiscoromina.org\/index.php\/wp-json\/wp\/v2\/types\/post"}],"author":[{"embeddable":true,"href":"http:\/\/fundaciolluiscoromina.org\/index.php\/wp-json\/wp\/v2\/users\/2"}],"replies":[{"embeddable":true,"href":"http:\/\/fundaciolluiscoromina.org\/index.php\/wp-json\/wp\/v2\/comments?post=5901"}],"version-history":[{"count":1,"href":"http:\/\/fundaciolluiscoromina.org\/index.php\/wp-json\/wp\/v2\/posts\/5901\/revisions"}],"predecessor-version":[{"id":6996,"href":"http:\/\/fundaciolluiscoromina.org\/index.php\/wp-json\/wp\/v2\/posts\/5901\/revisions\/6996"}],"wp:featuredmedia":[{"embeddable":true,"href":"http:\/\/fundaciolluiscoromina.org\/index.php\/wp-json\/wp\/v2\/media\/5903"}],"wp:attachment":[{"href":"http:\/\/fundaciolluiscoromina.org\/index.php\/wp-json\/wp\/v2\/media?parent=5901"}],"wp:term":[{"taxonomy":"category","embeddable":true,"href":"http:\/\/fundaciolluiscoromina.org\/index.php\/wp-json\/wp\/v2\/categories?post=5901"},{"taxonomy":"post_tag","embeddable":true,"href":"http:\/\/fundaciolluiscoromina.org\/index.php\/wp-json\/wp\/v2\/tags?post=5901"}],"curies":[{"name":"wp","href":"https:\/\/api.w.org\/{rel}","templated":true}]}}