{"id":5911,"date":"2023-04-13T12:54:01","date_gmt":"2023-04-13T10:54:01","guid":{"rendered":"http:\/\/www.fundaciolluiscoromina.org\/?p=5911"},"modified":"2025-07-29T12:54:21","modified_gmt":"2025-07-29T10:54:21","slug":"el-castell-de-cornella-acull-lexposicio-abecedari-solidari-homenatge-a-miquel-marti-i-pol","status":"publish","type":"post","link":"http:\/\/fundaciolluiscoromina.org\/index.php\/2023\/04\/13\/el-castell-de-cornella-acull-lexposicio-abecedari-solidari-homenatge-a-miquel-marti-i-pol\/","title":{"rendered":"El Castell de Cornell\u00e0 acull l\u2019exposici\u00f3 \u201cAbecedari solidari. Homenatge a Miquel Mart\u00ed i Pol\u201d"},"content":{"rendered":"<p>L\u2019Ajuntament de Cornell\u00e0 del Llobregat, ART\u2019s WinDoWs i el Govern d\u2019Andorra presenten amb la col\u00b7laboraci\u00f3 de la Fundaci\u00f3 Miquel Mart\u00ed i Pol i el suport de la Fundaci\u00f3 Llu\u00eds Coromina i la Fundaci\u00f3 Integralia l\u2019exposici\u00f3 \u201cAbecedari Solidari. Homenatge a Miquel Mart\u00ed i Pol\u201d, una mostra d\u2019obres de diferents artistes visuals, poetes, escriptors i escriptores que es podr\u00e0 veure a partir d\u2019avui al Castell de Cornell\u00e0.<\/p>\n<p>La proposta s\u2019ha dissenyat a partir de l\u2019obra \u201cAbecedari\u201d de Miquel Mart\u00ed i Pol, un llibre solidari de haikus que va escriure amb la complicitat del seu amic personal Ramon Besora. Dins del poemari s\u2019hi exposa un haiku per a cada lletra de l\u2019abecedari amb el tema de la solidaritat com a fil conductor, passant per temes com la difer\u00e8ncia i la indifer\u00e8ncia, l\u2019acollida i la mort o temes recurrents de la seva literatura com el dolor, la malaltia o l\u2019adversitat.<\/p>\n<p>L\u2019exposici\u00f3, que vol retre homenatge al poeta, presenta les obres d\u2019un total de 26 artistes pl\u00e0stics, que s\u2019inspiren en algun dels haikus del poemari, i que van acompanyades de diferents textos literaris que han elaborat 26 escriptors reinterpretant els mateixos poemes.<\/p>\n<p>La inauguraci\u00f3 es dur\u00e0 a terme avui a les 19 h al Castell de Cornell\u00e0 i es podr\u00e0 visitar fins al 28 de maig.<\/p>\n","protected":false},"excerpt":{"rendered":"<p>L\u2019Ajuntament de Cornell\u00e0 del Llobregat, ART\u2019s WinDoWs i el Govern d\u2019Andorra presenten amb la col\u00b7laboraci\u00f3 de la Fundaci\u00f3 Miquel Mart\u00ed &#8230;<\/p>\n","protected":false},"author":2,"featured_media":5914,"comment_status":"closed","ping_status":"open","sticky":false,"template":"","format":"standard","meta":{"footnotes":""},"categories":[14],"tags":[],"class_list":["post-5911","post","type-post","status-publish","format-standard","has-post-thumbnail","hentry","category-accions-culturals"],"_links":{"self":[{"href":"http:\/\/fundaciolluiscoromina.org\/index.php\/wp-json\/wp\/v2\/posts\/5911","targetHints":{"allow":["GET"]}}],"collection":[{"href":"http:\/\/fundaciolluiscoromina.org\/index.php\/wp-json\/wp\/v2\/posts"}],"about":[{"href":"http:\/\/fundaciolluiscoromina.org\/index.php\/wp-json\/wp\/v2\/types\/post"}],"author":[{"embeddable":true,"href":"http:\/\/fundaciolluiscoromina.org\/index.php\/wp-json\/wp\/v2\/users\/2"}],"replies":[{"embeddable":true,"href":"http:\/\/fundaciolluiscoromina.org\/index.php\/wp-json\/wp\/v2\/comments?post=5911"}],"version-history":[{"count":1,"href":"http:\/\/fundaciolluiscoromina.org\/index.php\/wp-json\/wp\/v2\/posts\/5911\/revisions"}],"predecessor-version":[{"id":6995,"href":"http:\/\/fundaciolluiscoromina.org\/index.php\/wp-json\/wp\/v2\/posts\/5911\/revisions\/6995"}],"wp:featuredmedia":[{"embeddable":true,"href":"http:\/\/fundaciolluiscoromina.org\/index.php\/wp-json\/wp\/v2\/media\/5914"}],"wp:attachment":[{"href":"http:\/\/fundaciolluiscoromina.org\/index.php\/wp-json\/wp\/v2\/media?parent=5911"}],"wp:term":[{"taxonomy":"category","embeddable":true,"href":"http:\/\/fundaciolluiscoromina.org\/index.php\/wp-json\/wp\/v2\/categories?post=5911"},{"taxonomy":"post_tag","embeddable":true,"href":"http:\/\/fundaciolluiscoromina.org\/index.php\/wp-json\/wp\/v2\/tags?post=5911"}],"curies":[{"name":"wp","href":"https:\/\/api.w.org\/{rel}","templated":true}]}}