{"id":5919,"date":"2023-04-28T11:45:40","date_gmt":"2023-04-28T09:45:40","guid":{"rendered":"http:\/\/www.fundaciolluiscoromina.org\/?p=5919"},"modified":"2025-07-29T12:54:21","modified_gmt":"2025-07-29T10:54:21","slug":"inauguracio-de-lespai-inefable-al-restaurant-can-xapes-amb-obra-de-lluis-vila","status":"publish","type":"post","link":"http:\/\/fundaciolluiscoromina.org\/index.php\/2023\/04\/28\/inauguracio-de-lespai-inefable-al-restaurant-can-xapes-amb-obra-de-lluis-vila\/","title":{"rendered":"Inauguraci\u00f3 de l&#8217;Espai Inefable al restaurant Can Xapes amb obra de Llu\u00eds Vil\u00e0"},"content":{"rendered":"<p>La Fundaci\u00f3 Llu\u00eds Coromina i Can Xapes-espai gastron\u00f2mic han inaugurat, aquest dimarts 25 d\u2019abril, l\u2019<em>Espai Inefable<\/em>, situat al restaurant Can Xapes de Cornell\u00e0 del Terri. Una iniciativa que uneix la gastronomia i l&#8217;art contemporani en un nexe com\u00fa: els sentits.<\/p>\n<div id=\"attachment_5921\" style=\"width: 1034px\" class=\"wp-caption alignnone\"><a href=\"http:\/\/test.fundaciolluiscoromina.org\/wp-content\/uploads\/2023\/04\/Lluis-Vila-Xapes-015.jpg\"><img loading=\"lazy\" decoding=\"async\" aria-describedby=\"caption-attachment-5921\" class=\"size-large wp-image-5921\" src=\"http:\/\/test.fundaciolluiscoromina.org\/wp-content\/uploads\/2023\/04\/Lluis-Vila-Xapes-015-1024x683.jpg\" alt=\"\" width=\"1024\" height=\"683\" srcset=\"http:\/\/fundaciolluiscoromina.org\/wp-content\/uploads\/2023\/04\/Lluis-Vila-Xapes-015-1024x683.jpg 1024w, http:\/\/fundaciolluiscoromina.org\/wp-content\/uploads\/2023\/04\/Lluis-Vila-Xapes-015-300x200.jpg 300w, http:\/\/fundaciolluiscoromina.org\/wp-content\/uploads\/2023\/04\/Lluis-Vila-Xapes-015-768x512.jpg 768w, http:\/\/fundaciolluiscoromina.org\/wp-content\/uploads\/2023\/04\/Lluis-Vila-Xapes-015-1536x1024.jpg 1536w, http:\/\/fundaciolluiscoromina.org\/wp-content\/uploads\/2023\/04\/Lluis-Vila-Xapes-015-2048x1365.jpg 2048w\" sizes=\"auto, (max-width: 1024px) 100vw, 1024px\" \/><\/a><p id=\"caption-attachment-5921\" class=\"wp-caption-text\">Foto: Pere Duran \/ Nord Media<\/p><\/div>\n<p>L\u2019<em>Espai Inefable <\/em>consta de dos salons privats del restaurant, convertits en un espai per oferir als comensals una aut\u00e8ntica experi\u00e8ncia sensorial, amb la gastronomia combinada amb l&#8217;exposici\u00f3 d&#8217;obres d&#8217;artistes que utilitzen l\u2019alimentaci\u00f3 com a referent creatiu, de forma directa o indirecta.<\/p>\n<div id=\"attachment_5925\" style=\"width: 1034px\" class=\"wp-caption alignnone\"><a href=\"http:\/\/test.fundaciolluiscoromina.org\/wp-content\/uploads\/2023\/04\/Lluis-Vila-Xapes-014.jpg\"><img loading=\"lazy\" decoding=\"async\" aria-describedby=\"caption-attachment-5925\" class=\"size-large wp-image-5925\" src=\"http:\/\/test.fundaciolluiscoromina.org\/wp-content\/uploads\/2023\/04\/Lluis-Vila-Xapes-014-1024x683.jpg\" alt=\"\" width=\"1024\" height=\"683\" srcset=\"http:\/\/fundaciolluiscoromina.org\/wp-content\/uploads\/2023\/04\/Lluis-Vila-Xapes-014-1024x683.jpg 1024w, http:\/\/fundaciolluiscoromina.org\/wp-content\/uploads\/2023\/04\/Lluis-Vila-Xapes-014-300x200.jpg 300w, http:\/\/fundaciolluiscoromina.org\/wp-content\/uploads\/2023\/04\/Lluis-Vila-Xapes-014-768x512.jpg 768w, http:\/\/fundaciolluiscoromina.org\/wp-content\/uploads\/2023\/04\/Lluis-Vila-Xapes-014-1536x1024.jpg 1536w, http:\/\/fundaciolluiscoromina.org\/wp-content\/uploads\/2023\/04\/Lluis-Vila-Xapes-014-2048x1365.jpg 2048w\" sizes=\"auto, (max-width: 1024px) 100vw, 1024px\" \/><\/a><p id=\"caption-attachment-5925\" class=\"wp-caption-text\">Foto: Pere Duran \/ Nord Media<\/p><\/div>\n<p>L\u2019<em>Espai Inefable <\/em>s&#8217;ha inaugurat amb l&#8217;obra de Llu\u00eds Vil\u00e0 i Vendrell, un artista banyol\u00ed amb una \u00e0mplia traject\u00f2ria en pintura, escultura i disseny. Llu\u00eds Vil\u00e0 va iniciar la seva activitat art\u00edstica a principi dels anys setanta i, des dels seus inicis fins a mitjan anys vuitanta, va treballar en el camp de la investigaci\u00f3 i la instal\u00b7laci\u00f3 dins els corrents conceptuals de l&#8217;<em>eat art<\/em> i l&#8217;art fungible. Amb el temps, va deixar enrere les refer\u00e8ncies directes als elements comestibles i, sense perdre la seva ess\u00e8ncia, va comen\u00e7ar a treballar amb nous materials com el ferro i la pintura sobre paper. En aquesta nova etapa, es va interessar per l&#8217;embolcall del menjar en conserva (les llaunes), i va presentar diverses escultures amb ferro i sense volum, que van ser presentades a la Sala Vin\u00e7on de Barcelona (1990) i a la Sala Tr\u00e1nsito de Madrid (1991). Una constant en la seva obra \u00e9s la utilitzaci\u00f3 de materials fungibles, aix\u00ed com la seva cr\u00edtica dirigida a la societat de consum, que va quedar perfectament reflectida a l&#8217;exposici\u00f3 <em>\u00c0lef<\/em> (1996), treball en qu\u00e8 va utilitzar la seva pr\u00f2pia sang com a pintura i que es va presentar a la galeria Alter Ego de Barcelona. A partir d&#8217;aquest moment, integra el seu propi llenguatge pict\u00f2ric i escult\u00f2ric i crea diverses s\u00e8ries d&#8217;escultures com <em>Navegants<\/em> (1995-1997), <em>Contraris<\/em> (1995) o <em>Logos<\/em> (2001). Un dels darrers treballs \u00e9s <em>Nautes<\/em> (2006), una obra molt propera a l&#8217;art conceptual en la qual reflexiona amb un to ir\u00f2nic, paradoxal i cr\u00edtic a trav\u00e9s d&#8217;escultures i pintures de cos infantil que renuncien a la seva iconografia del cos habitual.<\/p>\n<div id=\"attachment_5923\" style=\"width: 1034px\" class=\"wp-caption alignnone\"><a href=\"http:\/\/test.fundaciolluiscoromina.org\/wp-content\/uploads\/2023\/04\/Lluis-Vila-Xapes-002.jpg\"><img loading=\"lazy\" decoding=\"async\" aria-describedby=\"caption-attachment-5923\" class=\"size-large wp-image-5923\" src=\"http:\/\/test.fundaciolluiscoromina.org\/wp-content\/uploads\/2023\/04\/Lluis-Vila-Xapes-002-1024x683.jpg\" alt=\"\" width=\"1024\" height=\"683\" srcset=\"http:\/\/fundaciolluiscoromina.org\/wp-content\/uploads\/2023\/04\/Lluis-Vila-Xapes-002-1024x683.jpg 1024w, http:\/\/fundaciolluiscoromina.org\/wp-content\/uploads\/2023\/04\/Lluis-Vila-Xapes-002-300x200.jpg 300w, http:\/\/fundaciolluiscoromina.org\/wp-content\/uploads\/2023\/04\/Lluis-Vila-Xapes-002-768x512.jpg 768w, http:\/\/fundaciolluiscoromina.org\/wp-content\/uploads\/2023\/04\/Lluis-Vila-Xapes-002-1536x1024.jpg 1536w, http:\/\/fundaciolluiscoromina.org\/wp-content\/uploads\/2023\/04\/Lluis-Vila-Xapes-002-2048x1365.jpg 2048w\" sizes=\"auto, (max-width: 1024px) 100vw, 1024px\" \/><\/a><p id=\"caption-attachment-5923\" class=\"wp-caption-text\">Foto: Pere Duran \/ Nord Media<\/p><\/div>\n<p>Durant la inauguraci\u00f3, en la qual van assistir patrons i col\u00b7laboradors de la Fundaci\u00f3 Llu\u00eds Coromina, es va presentar el llibre editat de Llu\u00eds Vil\u00e0, que es podr\u00e0 adquirir al mateix restaurant.<\/p>\n<div id=\"attachment_5924\" style=\"width: 1034px\" class=\"wp-caption alignnone\"><a href=\"http:\/\/test.fundaciolluiscoromina.org\/wp-content\/uploads\/2023\/04\/Lluis-Vila-Xapes-006.jpg\"><img loading=\"lazy\" decoding=\"async\" aria-describedby=\"caption-attachment-5924\" class=\"size-large wp-image-5924\" src=\"http:\/\/test.fundaciolluiscoromina.org\/wp-content\/uploads\/2023\/04\/Lluis-Vila-Xapes-006-1024x683.jpg\" alt=\"\" width=\"1024\" height=\"683\" srcset=\"http:\/\/fundaciolluiscoromina.org\/wp-content\/uploads\/2023\/04\/Lluis-Vila-Xapes-006-1024x683.jpg 1024w, http:\/\/fundaciolluiscoromina.org\/wp-content\/uploads\/2023\/04\/Lluis-Vila-Xapes-006-300x200.jpg 300w, http:\/\/fundaciolluiscoromina.org\/wp-content\/uploads\/2023\/04\/Lluis-Vila-Xapes-006-768x512.jpg 768w, http:\/\/fundaciolluiscoromina.org\/wp-content\/uploads\/2023\/04\/Lluis-Vila-Xapes-006-1536x1024.jpg 1536w, http:\/\/fundaciolluiscoromina.org\/wp-content\/uploads\/2023\/04\/Lluis-Vila-Xapes-006-2048x1365.jpg 2048w\" sizes=\"auto, (max-width: 1024px) 100vw, 1024px\" \/><\/a><p id=\"caption-attachment-5924\" class=\"wp-caption-text\">Foto: Pere Duran \/ Nord Media<\/p><\/div>\n","protected":false},"excerpt":{"rendered":"<p>La Fundaci\u00f3 Llu\u00eds Coromina i Can Xapes-espai gastron\u00f2mic han inaugurat, aquest dimarts 25 d\u2019abril, l\u2019Espai Inefable, situat al restaurant Can &#8230;<\/p>\n","protected":false},"author":2,"featured_media":5920,"comment_status":"closed","ping_status":"open","sticky":false,"template":"","format":"standard","meta":{"footnotes":""},"categories":[10],"tags":[],"class_list":["post-5919","post","type-post","status-publish","format-standard","has-post-thumbnail","hentry","category-activitats"],"_links":{"self":[{"href":"http:\/\/fundaciolluiscoromina.org\/index.php\/wp-json\/wp\/v2\/posts\/5919","targetHints":{"allow":["GET"]}}],"collection":[{"href":"http:\/\/fundaciolluiscoromina.org\/index.php\/wp-json\/wp\/v2\/posts"}],"about":[{"href":"http:\/\/fundaciolluiscoromina.org\/index.php\/wp-json\/wp\/v2\/types\/post"}],"author":[{"embeddable":true,"href":"http:\/\/fundaciolluiscoromina.org\/index.php\/wp-json\/wp\/v2\/users\/2"}],"replies":[{"embeddable":true,"href":"http:\/\/fundaciolluiscoromina.org\/index.php\/wp-json\/wp\/v2\/comments?post=5919"}],"version-history":[{"count":1,"href":"http:\/\/fundaciolluiscoromina.org\/index.php\/wp-json\/wp\/v2\/posts\/5919\/revisions"}],"predecessor-version":[{"id":6994,"href":"http:\/\/fundaciolluiscoromina.org\/index.php\/wp-json\/wp\/v2\/posts\/5919\/revisions\/6994"}],"wp:featuredmedia":[{"embeddable":true,"href":"http:\/\/fundaciolluiscoromina.org\/index.php\/wp-json\/wp\/v2\/media\/5920"}],"wp:attachment":[{"href":"http:\/\/fundaciolluiscoromina.org\/index.php\/wp-json\/wp\/v2\/media?parent=5919"}],"wp:term":[{"taxonomy":"category","embeddable":true,"href":"http:\/\/fundaciolluiscoromina.org\/index.php\/wp-json\/wp\/v2\/categories?post=5919"},{"taxonomy":"post_tag","embeddable":true,"href":"http:\/\/fundaciolluiscoromina.org\/index.php\/wp-json\/wp\/v2\/tags?post=5919"}],"curies":[{"name":"wp","href":"https:\/\/api.w.org\/{rel}","templated":true}]}}