{"id":5930,"date":"2023-05-02T11:51:51","date_gmt":"2023-05-02T09:51:51","guid":{"rendered":"http:\/\/www.fundaciolluiscoromina.org\/?p=5930"},"modified":"2025-07-29T12:54:21","modified_gmt":"2025-07-29T10:54:21","slug":"spring-art-barcelona-reuneix-una-quinzena-dartistes-a-lespai-isern-dalmau","status":"publish","type":"post","link":"http:\/\/fundaciolluiscoromina.org\/index.php\/2023\/05\/02\/spring-art-barcelona-reuneix-una-quinzena-dartistes-a-lespai-isern-dalmau\/","title":{"rendered":"&#8216;Spring Art Barcelona&#8217; reuneix una quinzena d&#8217;artistes a l&#8217;Espai Isern Dalmau"},"content":{"rendered":"<p>L\u2019Espai Isern Dalmau acull l\u2019exposici\u00f3 Spring Art Barcelona, una iniciativa privada que reuneix quinze + un artistes que han creat una obra d\u2019art amb \u201cla primavera\u201d com a font d\u2019inspiraci\u00f3. Quinze + una obres originals que, finalitzada l\u2019exposici\u00f3, seran subhastades per Christie\u2019s al Majestic Hotel &amp; Spa Barcelona en benefici de la Fundaci\u00f3 Ires.<\/p>\n<p>Els artistes participants han estat seleccionats per la comiss\u00e0ria de l&#8217;exposici\u00f3, Sofia Palacios, i s\u00f3n Albert Riera Galceran, Amalia Pica, Bea Bonafini, Eduard Bigas, Glenda Le\u00f3n, Ivan Forcadell, Julia Creuheras, Manuel Ballesteros, Merve Iseri, Regina Gim\u00e9nez, Rosa Tharrats, Sheroanawe Hakihiiwe, Sof\u00eda Clausse, Tiago Mestre, Xevi Sol\u00e0 i Fl\u00e0via Junqueira. Tots ells han creat les seves obres utilitzant com a font d\u2019inspiraci\u00f3 el poema \u201cTres llavors\u201d de Gabriel Ventura (Barcelona, 1988). Una obra que reflecteix l\u2019ess\u00e8ncia de la primavera i parla de l\u2019alegria i de la possibilitat de canviar que sorgeix amb l\u2019esperan\u00e7a.<\/p>\n<p>La Fundaci\u00f3 Ires porta m\u00e9s de cinquanta anys dedicada a ajudar fam\u00edlies que afronten situacions d\u2019alta vulnerabilitat amb risc d\u2019exclusi\u00f3 social. Aquesta fundaci\u00f3 treballa amb m\u00e9s de 40 programes d\u2019atenci\u00f3 social i educativa, promoci\u00f3 de la inclusi\u00f3 social, intervenci\u00f3 en conflictes i treball comunitari en l\u2019\u00e0mbit judicial, per donar a cada fam\u00edlia les eines i recursos necessaris per deixar enrere la seva vulnerabilitat i tenir un futur millor. Amb aquests programes, cada any la Fundaci\u00f3 Ires ajuda m\u00e9s de 15.000 persones i fam\u00edlies.<\/p>\n<p>L&#8217;exposici\u00f3, que s&#8217;inaugurar\u00e0 aquest dijous 4 de maig a les 19 h a l&#8217;Espai Isern Dalmau de Barcelona, es podr\u00e0 veure fins al 27 de maig.<\/p>\n","protected":false},"excerpt":{"rendered":"<p>L\u2019Espai Isern Dalmau acull l\u2019exposici\u00f3 Spring Art Barcelona, una iniciativa privada que reuneix quinze + un artistes que han creat &#8230;<\/p>\n","protected":false},"author":2,"featured_media":5934,"comment_status":"closed","ping_status":"open","sticky":false,"template":"","format":"standard","meta":{"footnotes":""},"categories":[14,15,228],"tags":[],"class_list":["post-5930","post","type-post","status-publish","format-standard","has-post-thumbnail","hentry","category-accions-culturals","category-accions-socials","category-exposicions-espai-isern-dalmau"],"_links":{"self":[{"href":"http:\/\/fundaciolluiscoromina.org\/index.php\/wp-json\/wp\/v2\/posts\/5930","targetHints":{"allow":["GET"]}}],"collection":[{"href":"http:\/\/fundaciolluiscoromina.org\/index.php\/wp-json\/wp\/v2\/posts"}],"about":[{"href":"http:\/\/fundaciolluiscoromina.org\/index.php\/wp-json\/wp\/v2\/types\/post"}],"author":[{"embeddable":true,"href":"http:\/\/fundaciolluiscoromina.org\/index.php\/wp-json\/wp\/v2\/users\/2"}],"replies":[{"embeddable":true,"href":"http:\/\/fundaciolluiscoromina.org\/index.php\/wp-json\/wp\/v2\/comments?post=5930"}],"version-history":[{"count":1,"href":"http:\/\/fundaciolluiscoromina.org\/index.php\/wp-json\/wp\/v2\/posts\/5930\/revisions"}],"predecessor-version":[{"id":6993,"href":"http:\/\/fundaciolluiscoromina.org\/index.php\/wp-json\/wp\/v2\/posts\/5930\/revisions\/6993"}],"wp:featuredmedia":[{"embeddable":true,"href":"http:\/\/fundaciolluiscoromina.org\/index.php\/wp-json\/wp\/v2\/media\/5934"}],"wp:attachment":[{"href":"http:\/\/fundaciolluiscoromina.org\/index.php\/wp-json\/wp\/v2\/media?parent=5930"}],"wp:term":[{"taxonomy":"category","embeddable":true,"href":"http:\/\/fundaciolluiscoromina.org\/index.php\/wp-json\/wp\/v2\/categories?post=5930"},{"taxonomy":"post_tag","embeddable":true,"href":"http:\/\/fundaciolluiscoromina.org\/index.php\/wp-json\/wp\/v2\/tags?post=5930"}],"curies":[{"name":"wp","href":"https:\/\/api.w.org\/{rel}","templated":true}]}}