{"id":5945,"date":"2023-05-09T10:31:55","date_gmt":"2023-05-09T08:31:55","guid":{"rendered":"http:\/\/www.fundaciolluiscoromina.org\/?p=5945"},"modified":"2025-07-29T12:54:20","modified_gmt":"2025-07-29T10:54:20","slug":"juanma-trujillo-tanca-el-cicle-de-jazz-i-musiques-improvisades","status":"publish","type":"post","link":"http:\/\/fundaciolluiscoromina.org\/index.php\/2023\/05\/09\/juanma-trujillo-tanca-el-cicle-de-jazz-i-musiques-improvisades\/","title":{"rendered":"Juanma Trujillo tanca el cicle de jazz i m\u00fasiques improvisades"},"content":{"rendered":"<p>El guitarrista vene\u00e7ol\u00e0 Juanma Trujillo ser\u00e0 l\u2019encarregat de tancar el cicle de jazz i m\u00fasiques improvisades el 24, 25 i 26 de maig. Trujillo actuar\u00e0 als diferents espais per on han passat els artistes Vasco Trilla, S\u00f2nia S\u00e1nchez i N\u00faria Andorr\u00e0, i Vasco Furtado i Clara Lai: L\u2019Adoberia d\u2019Igualada, l\u2019Espai Isern Dalmau de Barcelona i l\u2019Espai Eat Art de Banyoles.<\/p>\n<p>Membre actiu de l\u2019escena de jazz i m\u00fasica improvisada internacional, Juanma Trujillo ha desenvolupat un estil d\u2019interpretaci\u00f3 \u00fanic que abra\u00e7a diversos g\u00e8neres musicals. Despr\u00e9s de tocar amb artistes de renom com Francisco Mela, Arturo O\u2019Farril, William Parker, Cooper-Moore, Satoshi Takeishi o Gerald Cleaver, entre d\u2019altres, l\u2019artista es caracteritza per innovar cont\u00ednuament entre els seus contemporanis, al mateix temps que incorpora el mestratge dels seus predecessors en les seves exploracions art\u00edstiques progressistes.<\/p>\n<p>L\u2019actuaci\u00f3 tindr\u00e0 lloc el dimecres 24 de maig a les 20:15 h a l\u2019Adoberia d\u2019Igualada (taquilla inversa), el dijous 25 de maig a les 20 h a l\u2019Espai Isern Dalmau de Barcelona (5 \u20ac) i el divendres 26 de maig a les 21 h a l\u2019Espai Eat Art de Banyoles (5 \u20ac). Les entrades es posaran a la venda el mateix dia, una hora abans del concert.<\/p>\n","protected":false},"excerpt":{"rendered":"<p>El guitarrista vene\u00e7ol\u00e0 Juanma Trujillo ser\u00e0 l\u2019encarregat de tancar el cicle de jazz i m\u00fasiques improvisades el 24, 25 i &#8230;<\/p>\n","protected":false},"author":2,"featured_media":5946,"comment_status":"closed","ping_status":"open","sticky":false,"template":"","format":"standard","meta":{"footnotes":""},"categories":[10],"tags":[],"class_list":["post-5945","post","type-post","status-publish","format-standard","has-post-thumbnail","hentry","category-activitats"],"_links":{"self":[{"href":"http:\/\/fundaciolluiscoromina.org\/index.php\/wp-json\/wp\/v2\/posts\/5945","targetHints":{"allow":["GET"]}}],"collection":[{"href":"http:\/\/fundaciolluiscoromina.org\/index.php\/wp-json\/wp\/v2\/posts"}],"about":[{"href":"http:\/\/fundaciolluiscoromina.org\/index.php\/wp-json\/wp\/v2\/types\/post"}],"author":[{"embeddable":true,"href":"http:\/\/fundaciolluiscoromina.org\/index.php\/wp-json\/wp\/v2\/users\/2"}],"replies":[{"embeddable":true,"href":"http:\/\/fundaciolluiscoromina.org\/index.php\/wp-json\/wp\/v2\/comments?post=5945"}],"version-history":[{"count":1,"href":"http:\/\/fundaciolluiscoromina.org\/index.php\/wp-json\/wp\/v2\/posts\/5945\/revisions"}],"predecessor-version":[{"id":6992,"href":"http:\/\/fundaciolluiscoromina.org\/index.php\/wp-json\/wp\/v2\/posts\/5945\/revisions\/6992"}],"wp:featuredmedia":[{"embeddable":true,"href":"http:\/\/fundaciolluiscoromina.org\/index.php\/wp-json\/wp\/v2\/media\/5946"}],"wp:attachment":[{"href":"http:\/\/fundaciolluiscoromina.org\/index.php\/wp-json\/wp\/v2\/media?parent=5945"}],"wp:term":[{"taxonomy":"category","embeddable":true,"href":"http:\/\/fundaciolluiscoromina.org\/index.php\/wp-json\/wp\/v2\/categories?post=5945"},{"taxonomy":"post_tag","embeddable":true,"href":"http:\/\/fundaciolluiscoromina.org\/index.php\/wp-json\/wp\/v2\/tags?post=5945"}],"curies":[{"name":"wp","href":"https:\/\/api.w.org\/{rel}","templated":true}]}}