{"id":5950,"date":"2023-06-01T11:55:14","date_gmt":"2023-06-01T09:55:14","guid":{"rendered":"http:\/\/www.fundaciolluiscoromina.org\/?p=5950"},"modified":"2025-07-29T12:54:20","modified_gmt":"2025-07-29T10:54:20","slug":"lespai-eat-art-de-banyoles-acull-dues-actuacions-de-la-19a-edicio-de-laphonica","status":"publish","type":"post","link":"http:\/\/fundaciolluiscoromina.org\/index.php\/2023\/06\/01\/lespai-eat-art-de-banyoles-acull-dues-actuacions-de-la-19a-edicio-de-laphonica\/","title":{"rendered":"L\u2019Espai Eat Art de Banyoles acull dues propostes de la 19a edici\u00f3 de l\u2019(a)ph\u00f2nica"},"content":{"rendered":"<p><a href=\"http:\/\/www.fundaciolluiscoromina.org\/\">La Fundaci\u00f3 Llu\u00eds Coromina<\/a> col\u00b7labora un any m\u00e9s amb l\u2019<a href=\"http:\/\/www.aphonica.banyoles.cat\">(a)ph\u00f2nica, el Festival de la Veu de Banyoles<\/a>, i acull dues activitats de la 19a edici\u00f3 a l\u2019Espai Eat Art de Banyoles. Per una banda,\u00a0el concert de <a href=\"https:\/\/www.aphonica.banyoles.cat\/2023\/Detalls.aspx?ID=399\"><strong>Mar Pujol<\/strong><\/a>, cantautora del Llu\u00e7an\u00e8s que oferir\u00e0 en solitari les can\u00e7ons del seu primer \u00e0lbum, <em>Trepa<\/em>, el diumenge 2 de juliol a les 12 h.\u00a0Per altra banda, des del dijous 8 de juny fins al dissabte 15 de juliol, l&#8217;exposici\u00f3 <em><strong>Dibuix en directe<\/strong><\/em>, una mostra de les obres realitzades durant l&#8217;edici\u00f3 del 2022 de la m\u00e0 dels cronistes gr\u00e0fics de l'(a)ph\u00f2nica.\u00a0Ambdues propostes s\u00f3n gratu\u00eftes i es duran a terme a l\u2019espai de la Fundaci\u00f3 situat a la pla\u00e7a Major de Banyoles, amb aforament limitat.<\/p>\n<p>&nbsp;<\/p>\n<div id=\"attachment_5953\" style=\"width: 310px\" class=\"wp-caption alignleft\"><a href=\"https:\/\/www.aphonica.banyoles.cat\/2023\/Detalls.aspx?ID=404\"><img loading=\"lazy\" decoding=\"async\" aria-describedby=\"caption-attachment-5953\" class=\"wp-image-5953 size-medium\" src=\"http:\/\/test.fundaciolluiscoromina.org\/wp-content\/uploads\/2023\/06\/a23-activitatsparaleles-dibuixendirecte-720x495-1-300x206.jpg\" alt=\"\" width=\"300\" height=\"206\" srcset=\"http:\/\/fundaciolluiscoromina.org\/wp-content\/uploads\/2023\/06\/a23-activitatsparaleles-dibuixendirecte-720x495-1-300x206.jpg 300w, http:\/\/fundaciolluiscoromina.org\/wp-content\/uploads\/2023\/06\/a23-activitatsparaleles-dibuixendirecte-720x495-1.jpg 461w\" sizes=\"auto, (max-width: 300px) 100vw, 300px\" \/><\/a><p id=\"caption-attachment-5953\" class=\"wp-caption-text\"><em>Exposici\u00f3 &#8216;Dibuix en directe&#8217;<\/em><\/p><\/div>\n<figure class=\"showtime-image\"><\/figure>\n<div class=\"column1\"><\/div>\n<section id=\"showtime-main-description\"><\/section>\n","protected":false},"excerpt":{"rendered":"<p>La Fundaci\u00f3 Llu\u00eds Coromina col\u00b7labora un any m\u00e9s amb l\u2019(a)ph\u00f2nica, el Festival de la Veu de Banyoles, i acull dues &#8230;<\/p>\n","protected":false},"author":2,"featured_media":5951,"comment_status":"closed","ping_status":"open","sticky":false,"template":"","format":"standard","meta":{"footnotes":""},"categories":[10,17],"tags":[],"class_list":["post-5950","post","type-post","status-publish","format-standard","has-post-thumbnail","hentry","category-activitats","category-exposicions-espai-eat-art"],"_links":{"self":[{"href":"http:\/\/fundaciolluiscoromina.org\/index.php\/wp-json\/wp\/v2\/posts\/5950","targetHints":{"allow":["GET"]}}],"collection":[{"href":"http:\/\/fundaciolluiscoromina.org\/index.php\/wp-json\/wp\/v2\/posts"}],"about":[{"href":"http:\/\/fundaciolluiscoromina.org\/index.php\/wp-json\/wp\/v2\/types\/post"}],"author":[{"embeddable":true,"href":"http:\/\/fundaciolluiscoromina.org\/index.php\/wp-json\/wp\/v2\/users\/2"}],"replies":[{"embeddable":true,"href":"http:\/\/fundaciolluiscoromina.org\/index.php\/wp-json\/wp\/v2\/comments?post=5950"}],"version-history":[{"count":1,"href":"http:\/\/fundaciolluiscoromina.org\/index.php\/wp-json\/wp\/v2\/posts\/5950\/revisions"}],"predecessor-version":[{"id":6991,"href":"http:\/\/fundaciolluiscoromina.org\/index.php\/wp-json\/wp\/v2\/posts\/5950\/revisions\/6991"}],"wp:featuredmedia":[{"embeddable":true,"href":"http:\/\/fundaciolluiscoromina.org\/index.php\/wp-json\/wp\/v2\/media\/5951"}],"wp:attachment":[{"href":"http:\/\/fundaciolluiscoromina.org\/index.php\/wp-json\/wp\/v2\/media?parent=5950"}],"wp:term":[{"taxonomy":"category","embeddable":true,"href":"http:\/\/fundaciolluiscoromina.org\/index.php\/wp-json\/wp\/v2\/categories?post=5950"},{"taxonomy":"post_tag","embeddable":true,"href":"http:\/\/fundaciolluiscoromina.org\/index.php\/wp-json\/wp\/v2\/tags?post=5950"}],"curies":[{"name":"wp","href":"https:\/\/api.w.org\/{rel}","templated":true}]}}