{"id":5977,"date":"2023-06-13T10:33:38","date_gmt":"2023-06-13T08:33:38","guid":{"rendered":"http:\/\/www.fundaciolluiscoromina.org\/?p=5977"},"modified":"2025-07-29T12:54:19","modified_gmt":"2025-07-29T10:54:19","slug":"lespai-isern-dalmau-acull-les-obres-de-la-serie-catapop-del-xupet-negre","status":"publish","type":"post","link":"http:\/\/fundaciolluiscoromina.org\/index.php\/2023\/06\/13\/lespai-isern-dalmau-acull-les-obres-de-la-serie-catapop-del-xupet-negre\/","title":{"rendered":"L&#8217;Espai Isern Dalmau acull &#8216;Catapop&#8217; d&#8217;El Xupet Negre"},"content":{"rendered":"<p>En col\u00b7laboraci\u00f3 amb l&#8217;artista urb\u00e0 SM 172, <a href=\"https:\/\/elxupetnegre.com\/\">El Xupet Negre<\/a> presenta les obres de la s\u00e8rie &#8216;Catapop&#8217; a l&#8217;Espai Isern Dalmau de la <a href=\"http:\/\/fundaciolluiscoromina.org\">Fundaci\u00f3 Llu\u00eds Coromina<\/a>. La mostra, que s&#8217;inaugurar\u00e0 el pr\u00f2xim 15 de juny a les 19 h, hibrida l&#8217;art pop amb destacats elements de la cultura catalana com la Moreneta, la botifarra amb mongetes, el porro, o la barretina, entre d&#8217;altres. Tamb\u00e9 s&#8217;hi exposaran obres caracter\u00edstiques del seu estil amb el xupet com a protagonista, element clau de la seva iconografia, es projectar\u00e0 un <em>mapping<\/em> que explora el seu m\u00f3n singularm, i es podr\u00e0 veure una intervenci\u00f3 art\u00edstica a les parets del vest\u00edbul del mateix espai.<\/p>\n<p>&nbsp;<\/p>\n","protected":false},"excerpt":{"rendered":"<p>En col\u00b7laboraci\u00f3 amb l&#8217;artista urb\u00e0 SM 172, El Xupet Negre presenta les obres de la s\u00e8rie &#8216;Catapop&#8217; a l&#8217;Espai Isern &#8230;<\/p>\n","protected":false},"author":2,"featured_media":5978,"comment_status":"closed","ping_status":"open","sticky":false,"template":"","format":"standard","meta":{"footnotes":""},"categories":[10,228],"tags":[],"class_list":["post-5977","post","type-post","status-publish","format-standard","has-post-thumbnail","hentry","category-activitats","category-exposicions-espai-isern-dalmau"],"_links":{"self":[{"href":"http:\/\/fundaciolluiscoromina.org\/index.php\/wp-json\/wp\/v2\/posts\/5977","targetHints":{"allow":["GET"]}}],"collection":[{"href":"http:\/\/fundaciolluiscoromina.org\/index.php\/wp-json\/wp\/v2\/posts"}],"about":[{"href":"http:\/\/fundaciolluiscoromina.org\/index.php\/wp-json\/wp\/v2\/types\/post"}],"author":[{"embeddable":true,"href":"http:\/\/fundaciolluiscoromina.org\/index.php\/wp-json\/wp\/v2\/users\/2"}],"replies":[{"embeddable":true,"href":"http:\/\/fundaciolluiscoromina.org\/index.php\/wp-json\/wp\/v2\/comments?post=5977"}],"version-history":[{"count":1,"href":"http:\/\/fundaciolluiscoromina.org\/index.php\/wp-json\/wp\/v2\/posts\/5977\/revisions"}],"predecessor-version":[{"id":6989,"href":"http:\/\/fundaciolluiscoromina.org\/index.php\/wp-json\/wp\/v2\/posts\/5977\/revisions\/6989"}],"wp:featuredmedia":[{"embeddable":true,"href":"http:\/\/fundaciolluiscoromina.org\/index.php\/wp-json\/wp\/v2\/media\/5978"}],"wp:attachment":[{"href":"http:\/\/fundaciolluiscoromina.org\/index.php\/wp-json\/wp\/v2\/media?parent=5977"}],"wp:term":[{"taxonomy":"category","embeddable":true,"href":"http:\/\/fundaciolluiscoromina.org\/index.php\/wp-json\/wp\/v2\/categories?post=5977"},{"taxonomy":"post_tag","embeddable":true,"href":"http:\/\/fundaciolluiscoromina.org\/index.php\/wp-json\/wp\/v2\/tags?post=5977"}],"curies":[{"name":"wp","href":"https:\/\/api.w.org\/{rel}","templated":true}]}}