{"id":5985,"date":"2023-06-15T12:32:03","date_gmt":"2023-06-15T10:32:03","guid":{"rendered":"http:\/\/www.fundaciolluiscoromina.org\/?p=5985"},"modified":"2025-07-29T12:54:18","modified_gmt":"2025-07-29T10:54:18","slug":"dimonis-de-cabosanroque-al-monestir-de-sant-esteve-de-banyoles","status":"publish","type":"post","link":"http:\/\/fundaciolluiscoromina.org\/index.php\/2023\/06\/15\/dimonis-de-cabosanroque-al-monestir-de-sant-esteve-de-banyoles\/","title":{"rendered":"&#8216;Dimonis&#8217; de cabosanroque al Monestir de Sant Esteve de Banyoles"},"content":{"rendered":"<p>La instal\u00b7laci\u00f3 art\u00edstica <em>Dimonis<\/em>, de cabosanroque, es pot veure fins al 2 de juliol al Monestir de Sant Esteve, en el marc del Festival de la Veu de Banyoles, (a)ph\u00f2nica. Una coproducci\u00f3 de cabosanroque, el Festival Grec (2020), la Filature de Mulhouse (Sc\u00e8ne Nationale Fran\u00e7aise), el Festival Temporada Alta i la Fundaci\u00f3 Llu\u00eds Coromina, i amb el suport de la Generalitat de Catalunya, que s\u2019aproxima al Verdaguer m\u00e9s desconegut. I \u00e9s que, en el punt m\u00e9s \u00e0lgid de la seva carrera, el poeta decideix arriscar la seva vida d&#8217;\u00e8xit i privilegis per dedicar-se als m\u00e9s desvalguts de la societat. Ho fa a les acaballes del segle XIX a Barcelona, en un moment d&#8217;una gran crisi social. Espiritisme, anarquisme, comunisme, darwinisme, Nietzsche, Freud&#8230; el m\u00f3n sencer bull i l&#8217;esgl\u00e9sia cat\u00f2lica es veu q\u00fcestionada en molts fronts. \u00c9s en aquest moment quan comen\u00e7a a participar en sessions d&#8217;exorcismes i, durant quatre anys, pren notes que queden recollides en quatre quaderns. El duet art\u00edstic cabosanroque se serveix d&#8217;aquests apunts per reflexionar al voltant del fenomen de la possessi\u00f3 i les seves implicacions socials, est\u00e8tiques, biol\u00f2giques i, fins i tot, teatrals. La instal\u00b7laci\u00f3, que ja est\u00e0 oberta al p\u00fablic, es podr\u00e0 visitar en diverses sessions fins al 2 de juliol. Les entrades, a 4 \u20ac, es poden adquirir <a href=\"https:\/\/aphonica.koobin.com\/index.php\">aqu\u00ed<\/a>.<\/p>\n","protected":false},"excerpt":{"rendered":"<p>La instal\u00b7laci\u00f3 art\u00edstica Dimonis, de cabosanroque, es pot veure fins al 2 de juliol al Monestir de Sant Esteve, en &#8230;<\/p>\n","protected":false},"author":2,"featured_media":5986,"comment_status":"closed","ping_status":"open","sticky":false,"template":"","format":"standard","meta":{"footnotes":""},"categories":[10],"tags":[],"class_list":["post-5985","post","type-post","status-publish","format-standard","has-post-thumbnail","hentry","category-activitats"],"_links":{"self":[{"href":"http:\/\/fundaciolluiscoromina.org\/index.php\/wp-json\/wp\/v2\/posts\/5985","targetHints":{"allow":["GET"]}}],"collection":[{"href":"http:\/\/fundaciolluiscoromina.org\/index.php\/wp-json\/wp\/v2\/posts"}],"about":[{"href":"http:\/\/fundaciolluiscoromina.org\/index.php\/wp-json\/wp\/v2\/types\/post"}],"author":[{"embeddable":true,"href":"http:\/\/fundaciolluiscoromina.org\/index.php\/wp-json\/wp\/v2\/users\/2"}],"replies":[{"embeddable":true,"href":"http:\/\/fundaciolluiscoromina.org\/index.php\/wp-json\/wp\/v2\/comments?post=5985"}],"version-history":[{"count":1,"href":"http:\/\/fundaciolluiscoromina.org\/index.php\/wp-json\/wp\/v2\/posts\/5985\/revisions"}],"predecessor-version":[{"id":6988,"href":"http:\/\/fundaciolluiscoromina.org\/index.php\/wp-json\/wp\/v2\/posts\/5985\/revisions\/6988"}],"wp:featuredmedia":[{"embeddable":true,"href":"http:\/\/fundaciolluiscoromina.org\/index.php\/wp-json\/wp\/v2\/media\/5986"}],"wp:attachment":[{"href":"http:\/\/fundaciolluiscoromina.org\/index.php\/wp-json\/wp\/v2\/media?parent=5985"}],"wp:term":[{"taxonomy":"category","embeddable":true,"href":"http:\/\/fundaciolluiscoromina.org\/index.php\/wp-json\/wp\/v2\/categories?post=5985"},{"taxonomy":"post_tag","embeddable":true,"href":"http:\/\/fundaciolluiscoromina.org\/index.php\/wp-json\/wp\/v2\/tags?post=5985"}],"curies":[{"name":"wp","href":"https:\/\/api.w.org\/{rel}","templated":true}]}}