{"id":5996,"date":"2023-07-06T14:28:54","date_gmt":"2023-07-06T12:28:54","guid":{"rendered":"http:\/\/www.fundaciolluiscoromina.org\/?p=5996"},"modified":"2025-07-29T12:54:18","modified_gmt":"2025-07-29T10:54:18","slug":"cabosanroque-presenta-per-primera-vegada-la-trilogia-de-teatre-expandit-al-festival-grec-barcelona-2023","status":"publish","type":"post","link":"http:\/\/fundaciolluiscoromina.org\/index.php\/2023\/07\/06\/cabosanroque-presenta-per-primera-vegada-la-trilogia-de-teatre-expandit-al-festival-grec-barcelona-2023\/","title":{"rendered":"cabosanroque presenta per primera vegada &#8216;La trilogia de teatre expandit&#8217; al Festival Grec Barcelona 2023"},"content":{"rendered":"<p>Despr\u00e9s del seu pas pel <a href=\"http:\/\/aphonica.banyoles.cat\">Festival (a)ph\u00f2nica<\/a> amb la instal\u00b7laci\u00f3 &#8216;Dimonis&#8217;, el col\u00b7lectiu d&#8217;artistes cabosanoque ara presenta &#8216;Una trilogia de teatre expandit&#8217; per primera vegada al Centre de Cultura Contempor\u00e0nia de Barcelona, en el marc de la nova edici\u00f3 del <a href=\"https:\/\/www.barcelona.cat\/grec\">Festival Grec Barcelona<\/a>. Una proposta a mig cam\u00ed entre una pe\u00e7a teatral i una exposici\u00f3 que inclou tres instal\u00b7lacions immersives en les quals l&#8217;espectador es troba cos a cos amb l&#8217;artifici. Una lectura original de tres figures clau de la literatura catalana (Brossa, Verdaguer i Rodoreda), en una seq\u00fc\u00e8ncia que s&#8217;inicia amb &#8216;No em va fer Joan Brossa&#8217; (2016), una fant\u00e0stica \u00f2pera d&#8217;objectes sobre el paisatge, seguida de &#8216;Dimonis&#8217; (2020), sobre la possessi\u00f3, basada en textos de Verdaguer, i culmina amb &#8216;Flors i Viatges&#8217; (2023), una estremidora pe\u00e7a sobre la guerra i les dones a partir de l&#8217;obra de Rodoreda.<\/p>\n<p>La trilogia es podr\u00e0 visitar fins al 30 de juliol, exceptuant la instal\u00b7laci\u00f3 dedicada a Brossa, que finalitza el pr\u00f2xim 12 de juliol. Entrades i m\u00e9s informaci\u00f3 a www.cccb.org i www.barcelona.cat\/grec<\/p>\n","protected":false},"excerpt":{"rendered":"<p>Despr\u00e9s del seu pas pel Festival (a)ph\u00f2nica amb la instal\u00b7laci\u00f3 &#8216;Dimonis&#8217;, el col\u00b7lectiu d&#8217;artistes cabosanoque ara presenta &#8216;Una trilogia de &#8230;<\/p>\n","protected":false},"author":2,"featured_media":5997,"comment_status":"closed","ping_status":"open","sticky":false,"template":"","format":"standard","meta":{"footnotes":""},"categories":[10],"tags":[],"class_list":["post-5996","post","type-post","status-publish","format-standard","has-post-thumbnail","hentry","category-activitats"],"_links":{"self":[{"href":"http:\/\/fundaciolluiscoromina.org\/index.php\/wp-json\/wp\/v2\/posts\/5996","targetHints":{"allow":["GET"]}}],"collection":[{"href":"http:\/\/fundaciolluiscoromina.org\/index.php\/wp-json\/wp\/v2\/posts"}],"about":[{"href":"http:\/\/fundaciolluiscoromina.org\/index.php\/wp-json\/wp\/v2\/types\/post"}],"author":[{"embeddable":true,"href":"http:\/\/fundaciolluiscoromina.org\/index.php\/wp-json\/wp\/v2\/users\/2"}],"replies":[{"embeddable":true,"href":"http:\/\/fundaciolluiscoromina.org\/index.php\/wp-json\/wp\/v2\/comments?post=5996"}],"version-history":[{"count":1,"href":"http:\/\/fundaciolluiscoromina.org\/index.php\/wp-json\/wp\/v2\/posts\/5996\/revisions"}],"predecessor-version":[{"id":6987,"href":"http:\/\/fundaciolluiscoromina.org\/index.php\/wp-json\/wp\/v2\/posts\/5996\/revisions\/6987"}],"wp:featuredmedia":[{"embeddable":true,"href":"http:\/\/fundaciolluiscoromina.org\/index.php\/wp-json\/wp\/v2\/media\/5997"}],"wp:attachment":[{"href":"http:\/\/fundaciolluiscoromina.org\/index.php\/wp-json\/wp\/v2\/media?parent=5996"}],"wp:term":[{"taxonomy":"category","embeddable":true,"href":"http:\/\/fundaciolluiscoromina.org\/index.php\/wp-json\/wp\/v2\/categories?post=5996"},{"taxonomy":"post_tag","embeddable":true,"href":"http:\/\/fundaciolluiscoromina.org\/index.php\/wp-json\/wp\/v2\/tags?post=5996"}],"curies":[{"name":"wp","href":"https:\/\/api.w.org\/{rel}","templated":true}]}}