{"id":5999,"date":"2023-07-10T10:25:10","date_gmt":"2023-07-10T08:25:10","guid":{"rendered":"http:\/\/www.fundaciolluiscoromina.org\/?p=5999"},"modified":"2025-07-29T12:54:18","modified_gmt":"2025-07-29T10:54:18","slug":"ultima-setmana-per-visitar-dibuix-en-directe-i-intervencio-artistica","status":"publish","type":"post","link":"http:\/\/fundaciolluiscoromina.org\/index.php\/2023\/07\/10\/ultima-setmana-per-visitar-dibuix-en-directe-i-intervencio-artistica\/","title":{"rendered":"\u00daltima setmana per visitar &#8216;Dibuix en directe&#8217; i intervenci\u00f3 art\u00edstica"},"content":{"rendered":"<p>El pr\u00f2xim dissabte 15 de juliol finalitza l&#8217;exposici\u00f3 <em>Dibuix en directe<\/em> a la Fundaci\u00f3 Llu\u00eds Coromina \u2013 Espai Eat Art, en el marc de l'(a)ph\u00f2nica, Festival de la Veu de Banyoles. Una mostra que presenta les obres realitzades pels cronistes gr\u00e0fics del festival durant l\u2019edici\u00f3 del 2022, amb estils i formats molt diversos. Andrea Zayas, Joanic, Txell Darn\u00e9, Maria Monegro o Maria Saladich, entre d\u2019altres, formen part d\u2019aquesta exposici\u00f3 col\u00b7lectiva que rememora grans moments viscuts al festival. Durant aquesta \u00faltima setmana, dos dels il\u00b7lustradors de l'(a)ph\u00f2nica, Joanic i Jaume Geli, oferiran una intervenci\u00f3 art\u00edstica durant la qual elaboraran un resum gr\u00e0fic d&#8217;alguns dels moments m\u00e9s orifinals i emocionants del festival. La intervenci\u00f3 es podr\u00e0 veure en directe de dilluns a dijous de 17 h a 20 h. I l&#8217;exposici\u00f3 es podr\u00e0 visitar de dilluns a divendres de 17 h a 20 h i dissabte de 10:30 h a 13:30 h i de 17 h a 20 h.<\/p>\n","protected":false},"excerpt":{"rendered":"<p>El pr\u00f2xim dissabte 15 de juliol finalitza l&#8217;exposici\u00f3 Dibuix en directe a la Fundaci\u00f3 Llu\u00eds Coromina \u2013 Espai Eat Art, &#8230;<\/p>\n","protected":false},"author":2,"featured_media":6000,"comment_status":"closed","ping_status":"open","sticky":false,"template":"","format":"standard","meta":{"footnotes":""},"categories":[17],"tags":[],"class_list":["post-5999","post","type-post","status-publish","format-standard","has-post-thumbnail","hentry","category-exposicions-espai-eat-art"],"_links":{"self":[{"href":"http:\/\/fundaciolluiscoromina.org\/index.php\/wp-json\/wp\/v2\/posts\/5999","targetHints":{"allow":["GET"]}}],"collection":[{"href":"http:\/\/fundaciolluiscoromina.org\/index.php\/wp-json\/wp\/v2\/posts"}],"about":[{"href":"http:\/\/fundaciolluiscoromina.org\/index.php\/wp-json\/wp\/v2\/types\/post"}],"author":[{"embeddable":true,"href":"http:\/\/fundaciolluiscoromina.org\/index.php\/wp-json\/wp\/v2\/users\/2"}],"replies":[{"embeddable":true,"href":"http:\/\/fundaciolluiscoromina.org\/index.php\/wp-json\/wp\/v2\/comments?post=5999"}],"version-history":[{"count":1,"href":"http:\/\/fundaciolluiscoromina.org\/index.php\/wp-json\/wp\/v2\/posts\/5999\/revisions"}],"predecessor-version":[{"id":6986,"href":"http:\/\/fundaciolluiscoromina.org\/index.php\/wp-json\/wp\/v2\/posts\/5999\/revisions\/6986"}],"wp:featuredmedia":[{"embeddable":true,"href":"http:\/\/fundaciolluiscoromina.org\/index.php\/wp-json\/wp\/v2\/media\/6000"}],"wp:attachment":[{"href":"http:\/\/fundaciolluiscoromina.org\/index.php\/wp-json\/wp\/v2\/media?parent=5999"}],"wp:term":[{"taxonomy":"category","embeddable":true,"href":"http:\/\/fundaciolluiscoromina.org\/index.php\/wp-json\/wp\/v2\/categories?post=5999"},{"taxonomy":"post_tag","embeddable":true,"href":"http:\/\/fundaciolluiscoromina.org\/index.php\/wp-json\/wp\/v2\/tags?post=5999"}],"curies":[{"name":"wp","href":"https:\/\/api.w.org\/{rel}","templated":true}]}}