{"id":6003,"date":"2023-08-02T10:00:49","date_gmt":"2023-08-02T08:00:49","guid":{"rendered":"http:\/\/www.fundaciolluiscoromina.org\/?p=6003"},"modified":"2025-07-29T12:54:18","modified_gmt":"2025-07-29T10:54:18","slug":"lespai-isern-dalmau-acull-lexposicio-la-veu-el-gest-lessencia-al-voltant-dels-25-anys-de-cor-de-teatre","status":"publish","type":"post","link":"http:\/\/fundaciolluiscoromina.org\/index.php\/2023\/08\/02\/lespai-isern-dalmau-acull-lexposicio-la-veu-el-gest-lessencia-al-voltant-dels-25-anys-de-cor-de-teatre\/","title":{"rendered":"L&#8217;Espai Eat Art acull l&#8217;exposici\u00f3 &#8216;La veu, el gest: l&#8217;Ess\u00e8ncia&#8217; al voltant dels 25 anys de Cor de Teatre"},"content":{"rendered":"<p>El pr\u00f2xim 12 d&#8217;agost, a les 19 h, l&#8217;Espai Eat Art de Banyoles acollir\u00e0 la inauguraci\u00f3 de l&#8217;exposici\u00f3\u00a0&#8216;La Veu, el gest: l&#8217;Ess\u00e8ncia\u2019, un\u00a0homenatge als 25 anys de Cor de Teatre, una destacada formaci\u00f3 banyolina que ha trencat esquemes dins del cant coral, portant-lo m\u00e9s enll\u00e0 dels seus l\u00edmits. Un viatge de 25 anys experimentant amb noves sonoritats i recursos expressius, escampant la m\u00fasica de tots els temps a petits i grans teatres, auditoris, esgl\u00e9sies, places i carrers.<\/p>\n<p><em>La veu, el gest: l&#8217;Ess\u00e8ncia<\/em>\u00a0proposa un recorregut per con\u00e8ixer les emocions que els seus espectacles han despertat a milers d\u2019espectadors d\u2019arreu de Catalunya i d\u2019Europa, en un univers sonor i visual ple de la sensibilitat, humor i m\u00e0gia que caracteritzen a Cor de Teatre.<\/p>\n<p>L\u2019exposici\u00f3 ha estat impulsada per la Fundaci\u00f3 Llu\u00eds Coromina, Cor de Teatre i Somf\u00f2nics. Amb el suport de l\u2019Ajuntament de Banyoles i la Diputaci\u00f3 de Girona.<\/p>\n<p><b>Horaris<\/b><br \/>\nEspai Eat Art de Banyoles<br \/>\nDel 12 d&#8217;agost al 29 d&#8217;octubre<br \/>\nDe dimecres a divendres de 17 h a 20 h<br \/>\nDissabte\u00a010:30 h a 13:30 h i de 17 h a 20\u00a0h<\/p>\n","protected":false},"excerpt":{"rendered":"<p>El pr\u00f2xim 12 d&#8217;agost, a les 19 h, l&#8217;Espai Eat Art de Banyoles acollir\u00e0 la inauguraci\u00f3 de l&#8217;exposici\u00f3\u00a0&#8216;La Veu, el &#8230;<\/p>\n","protected":false},"author":2,"featured_media":6005,"comment_status":"closed","ping_status":"open","sticky":false,"template":"","format":"standard","meta":{"footnotes":""},"categories":[14,10,17],"tags":[],"class_list":["post-6003","post","type-post","status-publish","format-standard","has-post-thumbnail","hentry","category-accions-culturals","category-activitats","category-exposicions-espai-eat-art"],"_links":{"self":[{"href":"http:\/\/fundaciolluiscoromina.org\/index.php\/wp-json\/wp\/v2\/posts\/6003","targetHints":{"allow":["GET"]}}],"collection":[{"href":"http:\/\/fundaciolluiscoromina.org\/index.php\/wp-json\/wp\/v2\/posts"}],"about":[{"href":"http:\/\/fundaciolluiscoromina.org\/index.php\/wp-json\/wp\/v2\/types\/post"}],"author":[{"embeddable":true,"href":"http:\/\/fundaciolluiscoromina.org\/index.php\/wp-json\/wp\/v2\/users\/2"}],"replies":[{"embeddable":true,"href":"http:\/\/fundaciolluiscoromina.org\/index.php\/wp-json\/wp\/v2\/comments?post=6003"}],"version-history":[{"count":1,"href":"http:\/\/fundaciolluiscoromina.org\/index.php\/wp-json\/wp\/v2\/posts\/6003\/revisions"}],"predecessor-version":[{"id":6985,"href":"http:\/\/fundaciolluiscoromina.org\/index.php\/wp-json\/wp\/v2\/posts\/6003\/revisions\/6985"}],"wp:featuredmedia":[{"embeddable":true,"href":"http:\/\/fundaciolluiscoromina.org\/index.php\/wp-json\/wp\/v2\/media\/6005"}],"wp:attachment":[{"href":"http:\/\/fundaciolluiscoromina.org\/index.php\/wp-json\/wp\/v2\/media?parent=6003"}],"wp:term":[{"taxonomy":"category","embeddable":true,"href":"http:\/\/fundaciolluiscoromina.org\/index.php\/wp-json\/wp\/v2\/categories?post=6003"},{"taxonomy":"post_tag","embeddable":true,"href":"http:\/\/fundaciolluiscoromina.org\/index.php\/wp-json\/wp\/v2\/tags?post=6003"}],"curies":[{"name":"wp","href":"https:\/\/api.w.org\/{rel}","templated":true}]}}