{"id":6013,"date":"2023-09-09T09:37:35","date_gmt":"2023-09-09T07:37:35","guid":{"rendered":"http:\/\/www.fundaciolluiscoromina.org\/?p=6013"},"modified":"2025-07-29T12:54:18","modified_gmt":"2025-07-29T10:54:18","slug":"lespai-isern-dalmau-acull-la-inauguracio-de-medina-campeny-una-trajectoria-viscuda","status":"publish","type":"post","link":"http:\/\/fundaciolluiscoromina.org\/index.php\/2023\/09\/09\/lespai-isern-dalmau-acull-la-inauguracio-de-medina-campeny-una-trajectoria-viscuda\/","title":{"rendered":"L\u2019Espai Isern Dalmau acull la inauguraci\u00f3 de &#8216;Medina Campeny, una traject\u00f2ria viscuda\u2019"},"content":{"rendered":"<p>Aquest any no \u00e9s un any qualsevol per a Medina Campeny: ha fet vuitanta anys en plena activitat i ja est\u00e0 a punt la\u00a0col\u00b7locaci\u00f3\u00a0de les quatre escultures en qu\u00e8 ha estat treballant des del 2016 per a les torres dels quatre evangelistes de la Sagrada Fam\u00edlia. En aquest punt \u00e0lgid de la seva carrera, l&#8217;Espai Isern Dalmau acull la inauguraci\u00f3 <em>Medina Campeny, una traject\u00f2ria viscuda<\/em>, amb l&#8217;objectiu de plasmar la seva obra i obrir-la al p\u00fablic. Comissariada per Ricard\u00a0<span class=\"hiddenSpellError\">Planas<\/span>, aquesta mostra t\u00e9 com a fil conductor el temps, i recull una traject\u00f2ria, tota una vida, tot recreant l&#8217;estudi de l&#8217;artista.<\/p>\n<p>Medina Campeny sempre ha estat un escultor de vocaci\u00f3, autodidacte, posse\u00efdor d&#8217;un ric bagatge d&#8217;experi\u00e8ncies vitals que passen per alguns moments cabdals, com ara la\u00a0coincid\u00e8ncia\u00a0del seu viatge a Li\u00f3 per una exposici\u00f3 a la galeria Marcel\u00a0<span class=\"hiddenSpellError\">Michaud<\/span>, amb les revoltes de maig del 1968 o la seva estada de quinze anys a Nova York. Una acumulaci\u00f3 de viv\u00e8ncies que ha tradu\u00eft en un modus operandi concret. Una oportunitat per descobrir que en la seva obra sovint \u00e9s m\u00e9s important all\u00f2 que suggereix que all\u00f2 que representa.<\/p>\n<p>L&#8217;exposici\u00f3 es podr\u00e0 visitar a partir del dimecres 20 de setembre en horari d&#8217;obertura, per\u00f2 la inauguraci\u00f3 oficial tindr\u00e0 lloc el dimecres 27 de setembre, a les 19 h.<\/p>\n<p><strong>Horari<\/strong><\/p>\n<p>A partir del dimecres 20 de setembre<br \/>\nde dimarts a divendres de 17 h a 20 h<br \/>\ndissabte de 10 h a 13 h<\/p>\n","protected":false},"excerpt":{"rendered":"<p>Aquest any no \u00e9s un any qualsevol per a Medina Campeny: ha fet vuitanta anys en plena activitat i ja &#8230;<\/p>\n","protected":false},"author":2,"featured_media":6019,"comment_status":"closed","ping_status":"open","sticky":false,"template":"","format":"standard","meta":{"footnotes":""},"categories":[10,228],"tags":[],"class_list":["post-6013","post","type-post","status-publish","format-standard","has-post-thumbnail","hentry","category-activitats","category-exposicions-espai-isern-dalmau"],"_links":{"self":[{"href":"http:\/\/fundaciolluiscoromina.org\/index.php\/wp-json\/wp\/v2\/posts\/6013","targetHints":{"allow":["GET"]}}],"collection":[{"href":"http:\/\/fundaciolluiscoromina.org\/index.php\/wp-json\/wp\/v2\/posts"}],"about":[{"href":"http:\/\/fundaciolluiscoromina.org\/index.php\/wp-json\/wp\/v2\/types\/post"}],"author":[{"embeddable":true,"href":"http:\/\/fundaciolluiscoromina.org\/index.php\/wp-json\/wp\/v2\/users\/2"}],"replies":[{"embeddable":true,"href":"http:\/\/fundaciolluiscoromina.org\/index.php\/wp-json\/wp\/v2\/comments?post=6013"}],"version-history":[{"count":1,"href":"http:\/\/fundaciolluiscoromina.org\/index.php\/wp-json\/wp\/v2\/posts\/6013\/revisions"}],"predecessor-version":[{"id":6984,"href":"http:\/\/fundaciolluiscoromina.org\/index.php\/wp-json\/wp\/v2\/posts\/6013\/revisions\/6984"}],"wp:featuredmedia":[{"embeddable":true,"href":"http:\/\/fundaciolluiscoromina.org\/index.php\/wp-json\/wp\/v2\/media\/6019"}],"wp:attachment":[{"href":"http:\/\/fundaciolluiscoromina.org\/index.php\/wp-json\/wp\/v2\/media?parent=6013"}],"wp:term":[{"taxonomy":"category","embeddable":true,"href":"http:\/\/fundaciolluiscoromina.org\/index.php\/wp-json\/wp\/v2\/categories?post=6013"},{"taxonomy":"post_tag","embeddable":true,"href":"http:\/\/fundaciolluiscoromina.org\/index.php\/wp-json\/wp\/v2\/tags?post=6013"}],"curies":[{"name":"wp","href":"https:\/\/api.w.org\/{rel}","templated":true}]}}