{"id":6026,"date":"2023-10-22T10:34:52","date_gmt":"2023-10-22T08:34:52","guid":{"rendered":"http:\/\/www.fundaciolluiscoromina.org\/?p=6026"},"modified":"2025-07-29T12:54:18","modified_gmt":"2025-07-29T10:54:18","slug":"la-fundacio-girona-est-inaugura-la-casa-de-les-arts","status":"publish","type":"post","link":"http:\/\/fundaciolluiscoromina.org\/index.php\/2023\/10\/22\/la-fundacio-girona-est-inaugura-la-casa-de-les-arts\/","title":{"rendered":"La Fundaci\u00f3 Girona Est inaugura la Casa de les Arts"},"content":{"rendered":"<p>Situada en una antiga casa pairal a Mas Ramada, la nova seu de la Fundaci\u00f3 Girona Est ja \u00e9s una realitat. Es tracta de <strong>la Casa de les Arts<\/strong>, un projecte sociocultural i un nou equipament de la ciutat de Girona que es va inaugurar el passat 18 d\u2019octubre en una presentaci\u00f3 en qu\u00e8 van assistir representants de l\u2019Ajuntament de Girona, la Diputaci\u00f3 de Girona i la Generalitat de Catalunya.<\/p>\n<p>La Casa de les Arts neix amb la voluntat de desenvolupar activitats i esdeveniments art\u00edstics, un espai que \u201cvol unir la ciutat que ignora el barri i el barri que ignora la ciutat\u201d, segons el president de la Fundaci\u00f3 Girona Est, Jaume Sanabras.<\/p>\n<p>La\u00a0<a href=\"http:\/\/www.fundaciolluiscoromina.org\">Fundaci\u00f3 Llu\u00eds Coromina<\/a>\u00a0tamb\u00e9 ha donat suport a aquesta iniciativa, que acull diverses propostes com una zona exterior per poder fer exposicions, presentacions de llibres o concerts; una resid\u00e8ncia d\u2019artistes; una sala dedicada a la comunicaci\u00f3 audiovisual, i un espai col\u00b7laboratiu per a entitats socials i culturals. Precisament, una de les entitats que trasllada la seva seu a la Casa de les Arts \u00e9s l\u2019<a href=\"https:\/\/www.azahara.org\/\">Associaci\u00f3 Azahara<\/a>, membre de l&#8217;espai de cotreball social de l\u2019Espai Isern Dalmau de la Fundaci\u00f3 Llu\u00eds Coromina, que vetlla pel foment de l\u2019emprenedoria social entre col\u00b7lectius d\u2019or\u00edgens diversos i la Cooperaci\u00f3 al Desenvolupament al Nord del Marroc.<\/p>\n<p>La Fundaci\u00f3 Girona Est treballa des de fa m\u00e9s de tres anys a cinc barris de Girona: Vila-Roja, Mas Ramada, La Creueta, Sant Daniel i Font de la P\u00f3lvora. Amb l\u2019objectiu de donar suport a les fam\u00edlies a accedir a m\u00e9s oportunitats, el seu personal i els seus col\u00b7laboradors fan possible que es desenvolupin activitats de dibuix, de refor\u00e7 educatiu o de mentoratge amb beca, entre d\u2019altres.<\/p>\n","protected":false},"excerpt":{"rendered":"<p>Situada en una antiga casa pairal a Mas Ramada, la nova seu de la Fundaci\u00f3 Girona Est ja \u00e9s una &#8230;<\/p>\n","protected":false},"author":2,"featured_media":6037,"comment_status":"closed","ping_status":"open","sticky":false,"template":"","format":"standard","meta":{"footnotes":""},"categories":[14,15],"tags":[],"class_list":["post-6026","post","type-post","status-publish","format-standard","has-post-thumbnail","hentry","category-accions-culturals","category-accions-socials"],"_links":{"self":[{"href":"http:\/\/fundaciolluiscoromina.org\/index.php\/wp-json\/wp\/v2\/posts\/6026","targetHints":{"allow":["GET"]}}],"collection":[{"href":"http:\/\/fundaciolluiscoromina.org\/index.php\/wp-json\/wp\/v2\/posts"}],"about":[{"href":"http:\/\/fundaciolluiscoromina.org\/index.php\/wp-json\/wp\/v2\/types\/post"}],"author":[{"embeddable":true,"href":"http:\/\/fundaciolluiscoromina.org\/index.php\/wp-json\/wp\/v2\/users\/2"}],"replies":[{"embeddable":true,"href":"http:\/\/fundaciolluiscoromina.org\/index.php\/wp-json\/wp\/v2\/comments?post=6026"}],"version-history":[{"count":1,"href":"http:\/\/fundaciolluiscoromina.org\/index.php\/wp-json\/wp\/v2\/posts\/6026\/revisions"}],"predecessor-version":[{"id":6983,"href":"http:\/\/fundaciolluiscoromina.org\/index.php\/wp-json\/wp\/v2\/posts\/6026\/revisions\/6983"}],"wp:featuredmedia":[{"embeddable":true,"href":"http:\/\/fundaciolluiscoromina.org\/index.php\/wp-json\/wp\/v2\/media\/6037"}],"wp:attachment":[{"href":"http:\/\/fundaciolluiscoromina.org\/index.php\/wp-json\/wp\/v2\/media?parent=6026"}],"wp:term":[{"taxonomy":"category","embeddable":true,"href":"http:\/\/fundaciolluiscoromina.org\/index.php\/wp-json\/wp\/v2\/categories?post=6026"},{"taxonomy":"post_tag","embeddable":true,"href":"http:\/\/fundaciolluiscoromina.org\/index.php\/wp-json\/wp\/v2\/tags?post=6026"}],"curies":[{"name":"wp","href":"https:\/\/api.w.org\/{rel}","templated":true}]}}