{"id":6030,"date":"2023-10-27T09:00:45","date_gmt":"2023-10-27T07:00:45","guid":{"rendered":"http:\/\/www.fundaciolluiscoromina.org\/?p=6030"},"modified":"2025-07-29T12:54:17","modified_gmt":"2025-07-29T10:54:17","slug":"inclassificables-el-nou-podcast-de-catalunya-radio-amb-la-collaboracio-de-fundacio-lluis-coromina","status":"publish","type":"post","link":"http:\/\/fundaciolluiscoromina.org\/index.php\/2023\/10\/27\/inclassificables-el-nou-podcast-de-catalunya-radio-amb-la-collaboracio-de-fundacio-lluis-coromina\/","title":{"rendered":"\u2018Inclassificables\u2019, el nou p\u00f2dcast de Catalunya R\u00e0dio amb la col\u00b7laboraci\u00f3 de la Fundaci\u00f3 Llu\u00eds Coromina"},"content":{"rendered":"<p>Apropar als ciutadans del nostre pa\u00eds els creadors m\u00e9s rellevants i el seu instint art\u00edstic. Aquest \u00e9s el principal objectiu d&#8217;<em><a href=\"https:\/\/www.ccma.cat\/catradio\/inclassificables\/\">Inclassificables<\/a>,<\/em> el nou p\u00f2dcast de Catalunya R\u00e0dio que compta amb la col\u00b7laboraci\u00f3 de la Fundaci\u00f3 Llu\u00eds Coromina i el suport de la Generalitat de Catalunya.<\/p>\n<p>Presentat i dirigit per David Escamilla i Ricard Planas, es tracta d\u2019una creaci\u00f3 de <a href=\"https:\/\/www.bonart.cat\/en\">Bonart Cultural<\/a> que ofereix cada quinze dies un viatge arreu de la geografia catalana, cercant espais d\u2019art, estudis creatius, museus i fundacions. David Escamilla i Ricard Planas conversen, molt de prop, amb artistes de prestigi internacional, alguns d\u2019ells actualment residents a l\u2019espai de cotreball\u00a0de les Arts del Puntal de la Fundaci\u00f3 Llu\u00eds Coromina, com Albert Serra, cabosanroque o Franc Aleu, i tamb\u00e9 pintors, escultors, arquitectes, cineastes, <em>performers<\/em> i creadors d\u2019experi\u00e8ncies immersives com ara Marcel\u00b7l\u00ed Ant\u00fanez Roca o RCR Arquitectes, entre altres.<\/p>\n<p>Cada p\u00f2dcast s\u2019enregistra i es materialitza des d\u2019un espai d\u2019art de Catalunya: La Fundaci\u00f3 Antoni T\u00e0pies, l\u2019Estudi d\u2019Arquitectura RCR, la KBr Fundaci\u00f3 Mapfre, la Fundaci\u00f3 Llu\u00eds Coromina, el Centre de Cultura Contempor\u00e0nia de Barcelona, etc. Precisament, el primer programa, publicat el diumenge 22 d\u2019octubre, es desenvolupa a l\u2019Espai Isern Dalmau, en el marc de la inauguraci\u00f3 de l\u2019exposici\u00f3 <em><a href=\"http:\/\/www.fundaciolluiscoromina.org\/lespai-isern-dalmau-acull-la-inauguracio-de-medina-campeny-una-trajectoria-viscuda\/\">Medina Campeny. Una traject\u00f2ria viscuda<\/a>, <\/em>amb una conversa amb el creador d\u2019universos visuals singulars, Albert Serra, i amb la directora de la Fundaci\u00f3 Gala-Salvador Dal\u00ed, Montse Aguer. Podeu escoltar-lo <a href=\"https:\/\/www.ccma.cat\/catradio\/inclassificables\/\">aqu\u00ed<\/a>.<\/p>\n<p>&nbsp;<\/p>\n","protected":false},"excerpt":{"rendered":"<p>Apropar als ciutadans del nostre pa\u00eds els creadors m\u00e9s rellevants i el seu instint art\u00edstic. Aquest \u00e9s el principal objectiu &#8230;<\/p>\n","protected":false},"author":2,"featured_media":6031,"comment_status":"closed","ping_status":"open","sticky":false,"template":"","format":"standard","meta":{"footnotes":""},"categories":[14,15],"tags":[],"class_list":["post-6030","post","type-post","status-publish","format-standard","has-post-thumbnail","hentry","category-accions-culturals","category-accions-socials"],"_links":{"self":[{"href":"http:\/\/fundaciolluiscoromina.org\/index.php\/wp-json\/wp\/v2\/posts\/6030","targetHints":{"allow":["GET"]}}],"collection":[{"href":"http:\/\/fundaciolluiscoromina.org\/index.php\/wp-json\/wp\/v2\/posts"}],"about":[{"href":"http:\/\/fundaciolluiscoromina.org\/index.php\/wp-json\/wp\/v2\/types\/post"}],"author":[{"embeddable":true,"href":"http:\/\/fundaciolluiscoromina.org\/index.php\/wp-json\/wp\/v2\/users\/2"}],"replies":[{"embeddable":true,"href":"http:\/\/fundaciolluiscoromina.org\/index.php\/wp-json\/wp\/v2\/comments?post=6030"}],"version-history":[{"count":1,"href":"http:\/\/fundaciolluiscoromina.org\/index.php\/wp-json\/wp\/v2\/posts\/6030\/revisions"}],"predecessor-version":[{"id":6981,"href":"http:\/\/fundaciolluiscoromina.org\/index.php\/wp-json\/wp\/v2\/posts\/6030\/revisions\/6981"}],"wp:featuredmedia":[{"embeddable":true,"href":"http:\/\/fundaciolluiscoromina.org\/index.php\/wp-json\/wp\/v2\/media\/6031"}],"wp:attachment":[{"href":"http:\/\/fundaciolluiscoromina.org\/index.php\/wp-json\/wp\/v2\/media?parent=6030"}],"wp:term":[{"taxonomy":"category","embeddable":true,"href":"http:\/\/fundaciolluiscoromina.org\/index.php\/wp-json\/wp\/v2\/categories?post=6030"},{"taxonomy":"post_tag","embeddable":true,"href":"http:\/\/fundaciolluiscoromina.org\/index.php\/wp-json\/wp\/v2\/tags?post=6030"}],"curies":[{"name":"wp","href":"https:\/\/api.w.org\/{rel}","templated":true}]}}