{"id":604,"date":"2011-07-04T13:36:54","date_gmt":"2011-07-04T13:36:54","guid":{"rendered":"http:\/\/espaieatart.wordpress.com\/?p=604"},"modified":"2011-07-04T13:36:54","modified_gmt":"2011-07-04T13:36:54","slug":"els-alumnes-del-baldiri-reixac-fan-art-fungible-inspirat-en-obres-de-lluis-vila","status":"publish","type":"post","link":"http:\/\/fundaciolluiscoromina.org\/index.php\/2011\/07\/04\/els-alumnes-del-baldiri-reixac-fan-art-fungible-inspirat-en-obres-de-lluis-vila\/","title":{"rendered":"Els alumnes del Baldiri Reixac fan art fungible -inspirat en obres de Llu\u00eds Vil\u00e0-."},"content":{"rendered":"<p style=\"text-align: justify;\">Divendres 1 de juliol 2011 es va inaugurar a l\u2019Espai Eat Art Llu\u00eds Vil\u00e0 de Banyoles l\u2019exposici\u00f3\u00a0<em>Els alumnes del Baldiri Reixac fan art fungible<\/em>\u00a0amb treballs dels alumnes de P3, P4 i P5 del CEIP Baldiri Reixac de Banyoles que van fer inspirant-se amb les obres de Llu\u00eds Vil\u00e0. La presentaci\u00f3 va anar a\u00a0c\u00e0rrec d\u2019Enric Sucarrats, director de la Fundaci\u00f3 Jaume Casademont, d\u2019Albert Bayot, delegat territorial d\u2019ensenyament de la Generalitat de Catalunya, Ricard Planas, director de l\u2019Espai Eat Art Llu\u00eds Vil\u00e0, Carme G\u00fcell mestre i dinamitzadora PAC i la nova directora del CEIP Baldiri Reixac Rosa Maria Sala.<\/p>\n<p style=\"text-align: justify;\">Dins el programa <em>Els artistes del Pla de l\u2019Estany<\/em>\u00a0organitzat per l\u2019Escola Baldiri Reixac,\u00a0 els alumnes van fer un recorregut art\u00edstic on van anar a veure tallers d\u2019artistes, com els germans Palau, i l\u2019exposici\u00f3 <em>Absolut II<\/em>\u00a0d\u2019en Llu\u00eds Vil\u00e0 a l\u2019Espai Eat Art LLu\u00eds Vil\u00e0 on, a partir d\u2019aquestes obres, els alumnes del cicle infantil van inspirar-se per fer tallers aiguades, tallers de verdures i tallers de pans (les trenes de can Japet).<\/p>\n<p style=\"text-align: justify;\">Una sel.lecci\u00f3 d\u2019aquests treballs es poden veure en exposici\u00f3 fins el 16 de juliol a l\u2019Espai Eat Art Llu\u00eds Vil\u00e0, pla\u00e7a Major de Banyoles.<\/p>\n<p style=\"text-align: justify;\"><a href=\"http:\/\/espaieatart.files.wordpress.com\/2011\/07\/collage-baldiri-inauguracic3b3.jpg\"><img loading=\"lazy\" decoding=\"async\" class=\"aligncenter size-full wp-image-605\" title=\"collage baldiri inauguraci\u00f3\" src=\"http:\/\/espaieatart.files.wordpress.com\/2011\/07\/collage-baldiri-inauguracic3b3.jpg\" alt=\"\" width=\"640\" height=\"336\" \/><\/a><\/p>\n","protected":false},"excerpt":{"rendered":"<p>Divendres 1 de juliol 2011 es va inaugurar a l\u2019Espai Eat Art Llu\u00eds Vil\u00e0 de Banyoles l\u2019exposici\u00f3\u00a0Els alumnes del Baldiri &#8230;<\/p>\n","protected":false},"author":1,"featured_media":605,"comment_status":"open","ping_status":"open","sticky":false,"template":"","format":"standard","meta":{"footnotes":""},"categories":[11,9],"tags":[],"class_list":["post-604","post","type-post","status-publish","format-standard","has-post-thumbnail","hentry","category-educacio-2","category-historic"],"_links":{"self":[{"href":"http:\/\/fundaciolluiscoromina.org\/index.php\/wp-json\/wp\/v2\/posts\/604","targetHints":{"allow":["GET"]}}],"collection":[{"href":"http:\/\/fundaciolluiscoromina.org\/index.php\/wp-json\/wp\/v2\/posts"}],"about":[{"href":"http:\/\/fundaciolluiscoromina.org\/index.php\/wp-json\/wp\/v2\/types\/post"}],"author":[{"embeddable":true,"href":"http:\/\/fundaciolluiscoromina.org\/index.php\/wp-json\/wp\/v2\/users\/1"}],"replies":[{"embeddable":true,"href":"http:\/\/fundaciolluiscoromina.org\/index.php\/wp-json\/wp\/v2\/comments?post=604"}],"version-history":[{"count":0,"href":"http:\/\/fundaciolluiscoromina.org\/index.php\/wp-json\/wp\/v2\/posts\/604\/revisions"}],"wp:attachment":[{"href":"http:\/\/fundaciolluiscoromina.org\/index.php\/wp-json\/wp\/v2\/media?parent=604"}],"wp:term":[{"taxonomy":"category","embeddable":true,"href":"http:\/\/fundaciolluiscoromina.org\/index.php\/wp-json\/wp\/v2\/categories?post=604"},{"taxonomy":"post_tag","embeddable":true,"href":"http:\/\/fundaciolluiscoromina.org\/index.php\/wp-json\/wp\/v2\/tags?post=604"}],"curies":[{"name":"wp","href":"https:\/\/api.w.org\/{rel}","templated":true}]}}