{"id":6047,"date":"2023-10-26T11:42:34","date_gmt":"2023-10-26T09:42:34","guid":{"rendered":"http:\/\/www.fundaciolluiscoromina.org\/?p=6047"},"modified":"2025-07-29T12:54:17","modified_gmt":"2025-07-29T10:54:17","slug":"ultims-dies-per-visitar-lexposicio-la-veu-el-gest-lessencia-sobre-els-25-anys-de-cor-de-teatre-a-lespai-eat-art-de-banyoles","status":"publish","type":"post","link":"http:\/\/fundaciolluiscoromina.org\/index.php\/2023\/10\/26\/ultims-dies-per-visitar-lexposicio-la-veu-el-gest-lessencia-sobre-els-25-anys-de-cor-de-teatre-a-lespai-eat-art-de-banyoles\/","title":{"rendered":"\u00daltims dies per visitar l&#8217;exposici\u00f3 &#8216;La veu, el gest: l&#8217;ess\u00e8ncia&#8217; a l\u2019Espai Eat Art de Banyoles"},"content":{"rendered":"<p>El pr\u00f2xim dissabte 28 d\u2019octubre finalitza l&#8217;exposici\u00f3\u00a0<em>La veu, el gest: l\u2019ess\u00e8ncia<\/em>, un\u00a0homenatge als 25 anys de Cor de Teatre, una destacada formaci\u00f3 banyolina que ha trencat esquemes dins del cant coral, portant-lo m\u00e9s enll\u00e0 dels seus l\u00edmits. Un viatge de 25 anys experimentant amb noves sonoritats i recursos expressius, escampant la m\u00fasica de tots els temps a petits i grans teatres, auditoris, esgl\u00e9sies, places i carrers.<\/p>\n<p>L\u2019exposici\u00f3, impulsada per la Fundaci\u00f3 Llu\u00eds Coromina, Cor de Teatre i Somf\u00f2nics, i amb el suport de l\u2019Ajuntament de Banyoles i la Diputaci\u00f3 de Girona, es podr\u00e0 visitar fins aquest dissabte en horari d&#8217;obertura de l&#8217;Espai Eat Art:<\/p>\n<p>De dimecres a divendres de 17 h a 20 h<br \/>\nDissabte\u00a010:30 h a 13:30 h i de 17 h a 20\u00a0h<\/p>\n","protected":false},"excerpt":{"rendered":"<p>El pr\u00f2xim dissabte 28 d\u2019octubre finalitza l&#8217;exposici\u00f3\u00a0La veu, el gest: l\u2019ess\u00e8ncia, un\u00a0homenatge als 25 anys de Cor de Teatre, una &#8230;<\/p>\n","protected":false},"author":2,"featured_media":6055,"comment_status":"closed","ping_status":"open","sticky":false,"template":"","format":"standard","meta":{"footnotes":""},"categories":[10],"tags":[],"class_list":["post-6047","post","type-post","status-publish","format-standard","has-post-thumbnail","hentry","category-activitats"],"_links":{"self":[{"href":"http:\/\/fundaciolluiscoromina.org\/index.php\/wp-json\/wp\/v2\/posts\/6047","targetHints":{"allow":["GET"]}}],"collection":[{"href":"http:\/\/fundaciolluiscoromina.org\/index.php\/wp-json\/wp\/v2\/posts"}],"about":[{"href":"http:\/\/fundaciolluiscoromina.org\/index.php\/wp-json\/wp\/v2\/types\/post"}],"author":[{"embeddable":true,"href":"http:\/\/fundaciolluiscoromina.org\/index.php\/wp-json\/wp\/v2\/users\/2"}],"replies":[{"embeddable":true,"href":"http:\/\/fundaciolluiscoromina.org\/index.php\/wp-json\/wp\/v2\/comments?post=6047"}],"version-history":[{"count":1,"href":"http:\/\/fundaciolluiscoromina.org\/index.php\/wp-json\/wp\/v2\/posts\/6047\/revisions"}],"predecessor-version":[{"id":6982,"href":"http:\/\/fundaciolluiscoromina.org\/index.php\/wp-json\/wp\/v2\/posts\/6047\/revisions\/6982"}],"wp:featuredmedia":[{"embeddable":true,"href":"http:\/\/fundaciolluiscoromina.org\/index.php\/wp-json\/wp\/v2\/media\/6055"}],"wp:attachment":[{"href":"http:\/\/fundaciolluiscoromina.org\/index.php\/wp-json\/wp\/v2\/media?parent=6047"}],"wp:term":[{"taxonomy":"category","embeddable":true,"href":"http:\/\/fundaciolluiscoromina.org\/index.php\/wp-json\/wp\/v2\/categories?post=6047"},{"taxonomy":"post_tag","embeddable":true,"href":"http:\/\/fundaciolluiscoromina.org\/index.php\/wp-json\/wp\/v2\/tags?post=6047"}],"curies":[{"name":"wp","href":"https:\/\/api.w.org\/{rel}","templated":true}]}}