{"id":6057,"date":"2023-11-06T11:04:08","date_gmt":"2023-11-06T10:04:08","guid":{"rendered":"http:\/\/www.fundaciolluiscoromina.org\/?p=6057"},"modified":"2025-07-29T12:54:16","modified_gmt":"2025-07-29T10:54:16","slug":"lespai-isern-dalmau-acull-la-inauguracio-de-lexposicio-festival-panoramic-2023","status":"publish","type":"post","link":"http:\/\/fundaciolluiscoromina.org\/index.php\/2023\/11\/06\/lespai-isern-dalmau-acull-la-inauguracio-de-lexposicio-festival-panoramic-2023\/","title":{"rendered":"L\u2019Espai Isern Dalmau acull la inauguraci\u00f3 de l&#8217;exposici\u00f3 \u2018Festival Panor\u00e0mic 2023&#8242;"},"content":{"rendered":"<p>La Fundaci\u00f3 Llu\u00eds Coromina acull la inauguraci\u00f3 de l\u2019exposici\u00f3 col\u00b7lectiva <strong><em>Festival Panor\u00e0mic 2023<\/em>\u00a0<\/strong>el pr\u00f2xim dijous 9 de novembre a les 19 h a l&#8217;Espai Isern Dalmau de Barcelona. Dins del <a href=\"https:\/\/panoramicgranollers.cat\/\">Festival Panor\u00e0mic<\/a> d&#8217;aquest any, la mostra presenta els v\u00eddeos creatius de cinc artistes: Pilar Rosado, Zach Blas, Anaisa Franco, Varvara Guljajeva i Mar Canet.<\/p>\n<p><strong>El Festival Panor\u00e0mic<\/strong> explora la relaci\u00f3 entre imatge fixa i imatge en moviment. Els projectes presentats enguany a l\u2019<strong>Espai Isern Dalmau<\/strong> treballen amb la relaci\u00f3 entre el rostre i la intel\u00b7lig\u00e8ncia artificial. El fil conductor dels v\u00eddeos \u00e9s repensar el rostre, mesurar-lo, llegir-lo i desxifrar-lo. Els recents i controvertits sistemes de reconeixement facial s\u00f3n la darrera expressi\u00f3 d\u2019un anhel llargament conreat. En diferents \u00e8poques la cerca ha tingut diferents objectius. Des de l\u2019aparici\u00f3 de la fotografia, la temptaci\u00f3 es va vestir d\u2019afectivitat, d\u2019halo cient\u00edfic.<\/p>\n<p>&nbsp;<\/p>\n<p><strong>Horari<\/strong><br \/>\nDe dimarts a divendres de 17 h a 20 h<br \/>\nDissabte de 10\u00a0h a 13 h<\/p>\n","protected":false},"excerpt":{"rendered":"<p>La Fundaci\u00f3 Llu\u00eds Coromina acull la inauguraci\u00f3 de l\u2019exposici\u00f3 col\u00b7lectiva Festival Panor\u00e0mic 2023\u00a0el pr\u00f2xim dijous 9 de novembre a les &#8230;<\/p>\n","protected":false},"author":2,"featured_media":6058,"comment_status":"closed","ping_status":"open","sticky":false,"template":"","format":"standard","meta":{"footnotes":""},"categories":[10,228],"tags":[],"class_list":["post-6057","post","type-post","status-publish","format-standard","has-post-thumbnail","hentry","category-activitats","category-exposicions-espai-isern-dalmau"],"_links":{"self":[{"href":"http:\/\/fundaciolluiscoromina.org\/index.php\/wp-json\/wp\/v2\/posts\/6057","targetHints":{"allow":["GET"]}}],"collection":[{"href":"http:\/\/fundaciolluiscoromina.org\/index.php\/wp-json\/wp\/v2\/posts"}],"about":[{"href":"http:\/\/fundaciolluiscoromina.org\/index.php\/wp-json\/wp\/v2\/types\/post"}],"author":[{"embeddable":true,"href":"http:\/\/fundaciolluiscoromina.org\/index.php\/wp-json\/wp\/v2\/users\/2"}],"replies":[{"embeddable":true,"href":"http:\/\/fundaciolluiscoromina.org\/index.php\/wp-json\/wp\/v2\/comments?post=6057"}],"version-history":[{"count":1,"href":"http:\/\/fundaciolluiscoromina.org\/index.php\/wp-json\/wp\/v2\/posts\/6057\/revisions"}],"predecessor-version":[{"id":6980,"href":"http:\/\/fundaciolluiscoromina.org\/index.php\/wp-json\/wp\/v2\/posts\/6057\/revisions\/6980"}],"wp:featuredmedia":[{"embeddable":true,"href":"http:\/\/fundaciolluiscoromina.org\/index.php\/wp-json\/wp\/v2\/media\/6058"}],"wp:attachment":[{"href":"http:\/\/fundaciolluiscoromina.org\/index.php\/wp-json\/wp\/v2\/media?parent=6057"}],"wp:term":[{"taxonomy":"category","embeddable":true,"href":"http:\/\/fundaciolluiscoromina.org\/index.php\/wp-json\/wp\/v2\/categories?post=6057"},{"taxonomy":"post_tag","embeddable":true,"href":"http:\/\/fundaciolluiscoromina.org\/index.php\/wp-json\/wp\/v2\/tags?post=6057"}],"curies":[{"name":"wp","href":"https:\/\/api.w.org\/{rel}","templated":true}]}}