{"id":6064,"date":"2023-11-07T09:06:01","date_gmt":"2023-11-07T08:06:01","guid":{"rendered":"http:\/\/www.fundaciolluiscoromina.org\/?p=6064"},"modified":"2025-07-29T12:54:16","modified_gmt":"2025-07-29T10:54:16","slug":"lespai-eat-art-de-banyoles-acull-la-inauguracio-de-la-mostra-una-exposicio-per-a-una-pellicula-de-lartista-jordi-bosch-barraca","status":"publish","type":"post","link":"http:\/\/fundaciolluiscoromina.org\/index.php\/2023\/11\/07\/lespai-eat-art-de-banyoles-acull-la-inauguracio-de-la-mostra-una-exposicio-per-a-una-pellicula-de-lartista-jordi-bosch-barraca\/","title":{"rendered":"L&#8217;Espai Eat Art de Banyoles acull la inauguraci\u00f3 de la mostra &#8216;Una exposici\u00f3 per a una pel\u00b7l\u00edcula&#8217;, de l&#8217;artista Jordi Bosch, &#8216;Barraca&#8217;"},"content":{"rendered":"<p>La Fundaci\u00f3 Llu\u00eds Coromina acull la inauguraci\u00f3 de la mostra <strong><em>Una exposici\u00f3 per a una pel\u00b7l\u00edcula<\/em><\/strong>, de l&#8217;artista\u00a0Jordi Bosch, <em>Barraca<\/em>, el pr\u00f2xim divendres 10 de novembre a les 19 h a l&#8217;Espai Eat Art de Banyoles. Una selecci\u00f3 d\u2019obres pr\u00f2pies de la seva traject\u00f2ria per al finan\u00e7ament de la pel\u00b7l\u00edcula <em>Els colors del blanc<\/em>, de Nil Pag\u00e8s i Mart\u00ed Colomer, un film que gira al voltant de\u00a0l\u2019art pl\u00e0stic\u00a0de l\u2019artista i la muntanya.<\/p>\n<p>L\u2019any 1985, <em>Barraca<\/em> va encetar un nou llenguatge pl\u00e0stic batejat pel cr\u00edtic d\u2019art Jaume F\u00e0brega amb el nom de \u00abNivopintura\u00bb, que es basa en una acci\u00f3 pict\u00f2rica ef\u00edmera que utilitza la neu com a suport.<\/p>\n<p>A <em>Una exposici\u00f3 per a una pel\u00b7l\u00edcula<\/em>, l\u2019artista mostrar\u00e0 des d\u2019escultures de llapis de l\u2019any 1981, fins a les Escales de fusta (2003 &#8211; actualitat), aix\u00ed com una part de la s\u00e8rie pict\u00f2rica <em>Teranyines urbanes<\/em>. A m\u00e9s, <em>Barraca<\/em> repetir\u00e0 la intervenci\u00f3 feta a ARCO-86: un rotlle de pintura posat a la venda a pams. L\u2019exposici\u00f3 tamb\u00e9 comptar\u00e0 amb la projecci\u00f3 d\u2019imatges de \u00abNivopintures\u00bb i del tr\u00e0iler de la pel\u00b7l\u00edcula.<\/p>\n<p>L&#8217;exposici\u00f3 es podr\u00e0 visitar fins al 16 de desembre de 2023.<\/p>\n<p>&nbsp;<\/p>\n<p><strong>Horari<\/strong><\/p>\n<p>De dimecres a divendres de 17 h a 20 h<br \/>\nDissabte de 10.30 h a 13.30 h i\u00a0de 17 h a 20 h<\/p>\n","protected":false},"excerpt":{"rendered":"<p>La Fundaci\u00f3 Llu\u00eds Coromina acull la inauguraci\u00f3 de la mostra Una exposici\u00f3 per a una pel\u00b7l\u00edcula, de l&#8217;artista\u00a0Jordi Bosch, Barraca, &#8230;<\/p>\n","protected":false},"author":2,"featured_media":6065,"comment_status":"closed","ping_status":"open","sticky":false,"template":"","format":"standard","meta":{"footnotes":""},"categories":[14,10,17],"tags":[],"class_list":["post-6064","post","type-post","status-publish","format-standard","has-post-thumbnail","hentry","category-accions-culturals","category-activitats","category-exposicions-espai-eat-art"],"_links":{"self":[{"href":"http:\/\/fundaciolluiscoromina.org\/index.php\/wp-json\/wp\/v2\/posts\/6064","targetHints":{"allow":["GET"]}}],"collection":[{"href":"http:\/\/fundaciolluiscoromina.org\/index.php\/wp-json\/wp\/v2\/posts"}],"about":[{"href":"http:\/\/fundaciolluiscoromina.org\/index.php\/wp-json\/wp\/v2\/types\/post"}],"author":[{"embeddable":true,"href":"http:\/\/fundaciolluiscoromina.org\/index.php\/wp-json\/wp\/v2\/users\/2"}],"replies":[{"embeddable":true,"href":"http:\/\/fundaciolluiscoromina.org\/index.php\/wp-json\/wp\/v2\/comments?post=6064"}],"version-history":[{"count":1,"href":"http:\/\/fundaciolluiscoromina.org\/index.php\/wp-json\/wp\/v2\/posts\/6064\/revisions"}],"predecessor-version":[{"id":6979,"href":"http:\/\/fundaciolluiscoromina.org\/index.php\/wp-json\/wp\/v2\/posts\/6064\/revisions\/6979"}],"wp:featuredmedia":[{"embeddable":true,"href":"http:\/\/fundaciolluiscoromina.org\/index.php\/wp-json\/wp\/v2\/media\/6065"}],"wp:attachment":[{"href":"http:\/\/fundaciolluiscoromina.org\/index.php\/wp-json\/wp\/v2\/media?parent=6064"}],"wp:term":[{"taxonomy":"category","embeddable":true,"href":"http:\/\/fundaciolluiscoromina.org\/index.php\/wp-json\/wp\/v2\/categories?post=6064"},{"taxonomy":"post_tag","embeddable":true,"href":"http:\/\/fundaciolluiscoromina.org\/index.php\/wp-json\/wp\/v2\/tags?post=6064"}],"curies":[{"name":"wp","href":"https:\/\/api.w.org\/{rel}","templated":true}]}}